{"id":46957,"date":"2025-07-26T15:16:08","date_gmt":"2025-07-26T18:16:08","guid":{"rendered":"http:\/\/jornaldeitaipava.com.br\/?p=46957"},"modified":"2025-07-26T15:16:10","modified_gmt":"2025-07-26T18:16:10","slug":"dia-do-produtor-rural-e-celebrado-com-homenagem-no-hortomercado","status":"publish","type":"post","link":"https:\/\/jornaldeitaipava.com.br\/index.php\/2025\/07\/26\/dia-do-produtor-rural-e-celebrado-com-homenagem-no-hortomercado\/","title":{"rendered":"Dia do Produtor Rural \u00e9 celebrado com homenagem no Hortomercado"},"content":{"rendered":"\n<p>Em comemora\u00e7\u00e3o ao Dia do Produtor Rural, celebrado oficialmente em 28 de julho, a Prefeitura realizou na manh\u00e3 deste s\u00e1bado (26\/07) uma cerim\u00f4nia no Hortomercado Municipal, em Itaipava. Cinco produtores, indicados pelas pr\u00f3prias associa\u00e7\u00f5es, foram escolhidos para receberem as homenagens.<\/p>\n\n\n\n<p>Foram tr\u00eas quesitos: o mais antigo da regi\u00e3o, o que possui maior produtividade e que se destaca pela diversidade de sua produ\u00e7\u00e3o. Entre os homenageados est\u00e3o Jos\u00e9 Artur Martins Diniz, produtor rural conhecido por doar mudas para a\u00e7\u00f5es de educa\u00e7\u00e3o ambiental em escolas, e Levi Gon\u00e7alves de Oliveira, produtor org\u00e2nico mais antigo do munic\u00edpio, reconhecido pelo papel essencial na consolida\u00e7\u00e3o de Petr\u00f3polis como Capital Estadual dos Produtos Org\u00e2nicos.<\/p>\n\n\n\n<p>\u201cO produtor rural \u00e9 pe\u00e7a importante na constru\u00e7\u00e3o da cidade que queremos: forte, sustent\u00e1vel e com qualidade de vida. Conseguimos iniciar a pavimenta\u00e7\u00e3o no Brejal, um sonho antigo da comunidade, e seguimos atentos \u00e0s demandas de outras regi\u00f5es. Sabemos da import\u00e2ncia da log\u00edstica para o escoamento da produ\u00e7\u00e3o e vamos continuar avan\u00e7ando nas melhorias. \u00c9 dever do poder p\u00fablico apoiar esse setor que movimenta a economia e faz parte da identidade de Petr\u00f3polis\u201d, destacou o prefeito Hingo Hammes.<\/p>\n\n\n\n<p>O secret\u00e1rio de Desenvolvimento Econ\u00f4mico, Samir El Ghaoui, ressaltou o compromisso da gest\u00e3o municipal com o fortalecimento do setor rural. \u201cValorizar o produtor rural \u00e9 garantir o futuro da cidade. Estamos avan\u00e7ando em pol\u00edticas p\u00fablicas que fortalecem a agricultura familiar, promovem sustentabilidade, geram renda no campo e impulsionam o desenvolvimento de Petr\u00f3polis de forma integrada. O campo \u00e9 estrat\u00e9gico, e o nosso trabalho \u00e9 assegurar que ele continue sendo prioridade\u201d, destacou.<\/p>\n\n\n\n<p>\u201cComo produtor rural, sei na pele o quanto esse reconhecimento faz diferen\u00e7a. Nosso trabalho na diretoria de Agricultura \u00e9 justamente garantir que o poder p\u00fablico esteja cada vez mais pr\u00f3ximo de quem vive do campo. Essa homenagem mostra que estamos no caminho certo\u201d, afirmou Marco Ant\u00f4nio Coelho, diretor de Agricultura da Secretaria de Desenvolvimento Econ\u00f4mico.<\/p>\n\n\n\n<p>A homenagem tamb\u00e9m foi uma oportunidade de escuta ativa e di\u00e1logo entre o Poder P\u00fablico e os produtores. &#8220;Esse reconhecimento \u00e9 muito gratificante para n\u00f3s, produtores rurais\u201d, afirmou Sidnei Silva de Lima, presidente da Associa\u00e7\u00e3o de Produtores Rurais do Brejal.<\/p>\n\n\n\n<p>\u201cEstamos vivendo uma importante aproxima\u00e7\u00e3o com o Poder P\u00fablico, que tem trazido dignidade, melhorias nas estradas e um canal direto de di\u00e1logo com a Prefeitura. Isso tem feito diferen\u00e7a real na vida do produtor rural\u201d, disse M\u00e1rcio Jos\u00e9 de Carvalho Ferreira, presidente da Associa\u00e7\u00e3o dos Pequenos Produtores Rurais de Itaipava.<\/p>\n\n\n\n<p>Quem tamb\u00e9m celebrou os avan\u00e7os no setor foi Gabriel Adriano de Souza, produtor do Caxambu. \u201cSou um pequeno agricultor e, pela primeira vez, estou recebendo apoio que est\u00e3o fazendo a diferen\u00e7a. Comecei 2025 participando da feira do Horto com minhas tangerinas e, desde ent\u00e3o, venho conseguindo vender melhor a minha produ\u00e7\u00e3o. Gra\u00e7as a Prefeitura consigo comercializar direto no Horto e isso tem valorizado muito o meu trabalho. S\u00f3 tenho a agradecer\u201d, relatou.<\/p>\n","protected":false},"excerpt":{"rendered":"<p>Em comemora\u00e7\u00e3o ao Dia do Produtor Rural, celebrado oficialmente em 28 de julho, a Prefeitura<\/p>\n","protected":false},"author":1,"featured_media":46958,"comment_status":"closed","ping_status":"open","sticky":false,"template":"","format":"standard","meta":{"spay_email":"","footnotes":"","jetpack_publicize_message":""},"categories":[2],"tags":[],"jetpack_featured_media_url":"https:\/\/i0.wp.com\/jornaldeitaipava.com.br\/wp-content\/uploads\/2025\/07\/WhatsApp-Image-2025-07-26-at-15.05.52.jpeg?fit=1040%2C621&ssl=1","jetpack_publicize_connections":[],"jetpack_sharing_enabled":true,"jetpack_likes_enabled":true,"jetpack-related-posts":[],"_links":{"self":[{"href":"https:\/\/jornaldeitaipava.com.br\/index.php\/wp-json\/wp\/v2\/posts\/46957"}],"collection":[{"href":"https:\/\/jornaldeitaipava.com.br\/index.php\/wp-json\/wp\/v2\/posts"}],"about":[{"href":"https:\/\/jornaldeitaipava.com.br\/index.php\/wp-json\/wp\/v2\/types\/post"}],"author":[{"embeddable":true,"href":"https:\/\/jornaldeitaipava.com.br\/index.php\/wp-json\/wp\/v2\/users\/1"}],"replies":[{"embeddable":true,"href":"https:\/\/jornaldeitaipava.com.br\/index.php\/wp-json\/wp\/v2\/comments?post=46957"}],"version-history":[{"count":1,"href":"https:\/\/jornaldeitaipava.com.br\/index.php\/wp-json\/wp\/v2\/posts\/46957\/revisions"}],"predecessor-version":[{"id":46959,"href":"https:\/\/jornaldeitaipava.com.br\/index.php\/wp-json\/wp\/v2\/posts\/46957\/revisions\/46959"}],"wp:featuredmedia":[{"embeddable":true,"href":"https:\/\/jornaldeitaipava.com.br\/index.php\/wp-json\/wp\/v2\/media\/46958"}],"wp:attachment":[{"href":"https:\/\/jornaldeitaipava.com.br\/index.php\/wp-json\/wp\/v2\/media?parent=46957"}],"wp:term":[{"taxonomy":"category","embeddable":true,"href":"https:\/\/jornaldeitaipava.com.br\/index.php\/wp-json\/wp\/v2\/categories?post=46957"},{"taxonomy":"post_tag","embeddable":true,"href":"https:\/\/jornaldeitaipava.com.br\/index.php\/wp-json\/wp\/v2\/tags?post=46957"}],"curies":[{"name":"wp","href":"https:\/\/api.w.org\/{rel}","templated":true}]}}