{"id":46966,"date":"2025-07-29T13:29:35","date_gmt":"2025-07-29T16:29:35","guid":{"rendered":"http:\/\/jornaldeitaipava.com.br\/?p=46966"},"modified":"2025-07-29T13:29:39","modified_gmt":"2025-07-29T16:29:39","slug":"visitacao-a-casa-da-princesa-isabel-tem-horario-ampliado-na-ultima-semana-de-ferias-escolares","status":"publish","type":"post","link":"https:\/\/jornaldeitaipava.com.br\/index.php\/2025\/07\/29\/visitacao-a-casa-da-princesa-isabel-tem-horario-ampliado-na-ultima-semana-de-ferias-escolares\/","title":{"rendered":"Visita\u00e7\u00e3o \u00e0 Casa da Princesa Isabel tem hor\u00e1rio ampliado na \u00faltima semana de f\u00e9rias escolares"},"content":{"rendered":"\n<p>Na reta final das f\u00e9rias escolares, quem estiver em Petr\u00f3polis tem uma oportunidade rara e especial: visitar a Casa da Princesa Isabel, no Centro Hist\u00f3rico, que estar\u00e1 aberta ao p\u00fablico de ter\u00e7a a domingo, das 10h \u00e0s 18h, durante a \u00faltima semana de julho.<\/p>\n\n\n\n<p>Normalmente fechada \u00e0 visita\u00e7\u00e3o, a resid\u00eancia \u00e9 acess\u00edvel ao p\u00fablico apenas em per\u00edodos espec\u00edficos, com autoriza\u00e7\u00e3o da Fam\u00edlia Imperial. O im\u00f3vel, localizado na Avenida Koeler, em frente \u00e0 Catedral de S\u00e3o Pedro de Alc\u00e2ntara, abriga atualmente a exposi\u00e7\u00e3o \u201cCoragem e F\u00e9: A Coloniza\u00e7\u00e3o Germ\u00e2nica de Petr\u00f3polis\u201d, que j\u00e1 encantou mais de 100 mil visitantes desde sua inaugura\u00e7\u00e3o.<\/p>\n\n\n\n<p>A visita \u00e9 guiada, o que permite ao p\u00fablico conhecer a hist\u00f3ria da cidade e o processo de coloniza\u00e7\u00e3o alem\u00e3 na regi\u00e3o serrana do Rio de Janeiro. Com legendas em portugu\u00eas e QR codes em ingl\u00eas, o passeio \u00e9 acess\u00edvel tamb\u00e9m a turistas estrangeiros.<\/p>\n\n\n\n<p>A mostra re\u00fane mais de 40 esculturas em papel mach\u00ea \u2013 entre miniaturas e pe\u00e7as em tamanho real \u2013 criadas pelos artistas Lorena, Val\u00e9ria, S\u00e9rgio e Henriqueta Bortolotti. Entre os destaques est\u00e3o figuras emblem\u00e1ticas como a Princesa Isabel, Dom Pedro II e o carism\u00e1tico Menino Vendedor de Caqui, que conquistam p\u00fablicos de todas as idades.<\/p>\n\n\n\n<p>\u201c\u00c9 um privil\u00e9gio abrir esse espa\u00e7o carregado de mem\u00f3ria para o p\u00fablico, especialmente durante as f\u00e9rias, quando as fam\u00edlias est\u00e3o buscando atividades culturais, educativas e acess\u00edveis. A Casa da Princesa Isabel tem um encanto que s\u00f3 quem visita consegue entender\u201d, afirma a artista Lorena Bortolotti.<\/p>\n\n\n\n<p><strong>Servi\u00e7o &#8211; Exposi\u00e7\u00e3o \u201cCoragem e F\u00e9: A Coloniza\u00e7\u00e3o Germ\u00e2nica de Petr\u00f3polis\u201d<br><\/strong>Local: Casa da Princesa Isabel \u2013 Av. Koeler, 42 \u2013 Centro, Petr\u00f3polis (RJ)<br>Funcionamento excepcional na \u00faltima semana de f\u00e9rias escolares: de ter\u00e7a a domingo, das 10h \u00e0s 18h<br>Ingressos no local: R$ 30 (inteira) | R$ 15 (meia)<br>Entrada gratuita para crian\u00e7as de at\u00e9 5 anos e pessoas com defici\u00eancia. Estudantes, professores e maiores de 60 anos pagam meia com comprova\u00e7\u00e3o.<br>Mais informa\u00e7\u00f5es: (24) 98807-6057 | Instagram: @coragem.e.fe<\/p>\n","protected":false},"excerpt":{"rendered":"<p>Na reta final das f\u00e9rias escolares, quem estiver em Petr\u00f3polis tem uma oportunidade rara e<\/p>\n","protected":false},"author":1,"featured_media":46967,"comment_status":"closed","ping_status":"open","sticky":false,"template":"","format":"standard","meta":{"spay_email":"","footnotes":"","jetpack_publicize_message":""},"categories":[42],"tags":[],"jetpack_featured_media_url":"https:\/\/i2.wp.com\/jornaldeitaipava.com.br\/wp-content\/uploads\/2025\/07\/WhatsApp-Image-2025-07-29-at-11.57.53.jpeg?fit=1600%2C1204&ssl=1","jetpack_publicize_connections":[],"jetpack_sharing_enabled":true,"jetpack_likes_enabled":true,"jetpack-related-posts":[],"_links":{"self":[{"href":"https:\/\/jornaldeitaipava.com.br\/index.php\/wp-json\/wp\/v2\/posts\/46966"}],"collection":[{"href":"https:\/\/jornaldeitaipava.com.br\/index.php\/wp-json\/wp\/v2\/posts"}],"about":[{"href":"https:\/\/jornaldeitaipava.com.br\/index.php\/wp-json\/wp\/v2\/types\/post"}],"author":[{"embeddable":true,"href":"https:\/\/jornaldeitaipava.com.br\/index.php\/wp-json\/wp\/v2\/users\/1"}],"replies":[{"embeddable":true,"href":"https:\/\/jornaldeitaipava.com.br\/index.php\/wp-json\/wp\/v2\/comments?post=46966"}],"version-history":[{"count":1,"href":"https:\/\/jornaldeitaipava.com.br\/index.php\/wp-json\/wp\/v2\/posts\/46966\/revisions"}],"predecessor-version":[{"id":46968,"href":"https:\/\/jornaldeitaipava.com.br\/index.php\/wp-json\/wp\/v2\/posts\/46966\/revisions\/46968"}],"wp:featuredmedia":[{"embeddable":true,"href":"https:\/\/jornaldeitaipava.com.br\/index.php\/wp-json\/wp\/v2\/media\/46967"}],"wp:attachment":[{"href":"https:\/\/jornaldeitaipava.com.br\/index.php\/wp-json\/wp\/v2\/media?parent=46966"}],"wp:term":[{"taxonomy":"category","embeddable":true,"href":"https:\/\/jornaldeitaipava.com.br\/index.php\/wp-json\/wp\/v2\/categories?post=46966"},{"taxonomy":"post_tag","embeddable":true,"href":"https:\/\/jornaldeitaipava.com.br\/index.php\/wp-json\/wp\/v2\/tags?post=46966"}],"curies":[{"name":"wp","href":"https:\/\/api.w.org\/{rel}","templated":true}]}}