{"id":46969,"date":"2025-07-29T13:32:22","date_gmt":"2025-07-29T16:32:22","guid":{"rendered":"http:\/\/jornaldeitaipava.com.br\/?p=46969"},"modified":"2025-07-29T13:32:24","modified_gmt":"2025-07-29T16:32:24","slug":"acao-social-pela-musica-esta-com-inscricoes-abertas-para-aulas-gratuitas-de-instrumentos-classicos","status":"publish","type":"post","link":"https:\/\/jornaldeitaipava.com.br\/index.php\/2025\/07\/29\/acao-social-pela-musica-esta-com-inscricoes-abertas-para-aulas-gratuitas-de-instrumentos-classicos\/","title":{"rendered":"A\u00e7\u00e3o Social pela M\u00fasica est\u00e1 com inscri\u00e7\u00f5es abertas para aulas gratuitas de instrumentos cl\u00e1ssicos"},"content":{"rendered":"\n<p class=\"has-text-align-center\"><strong>Projeto que transforma vidas por meio da m\u00fasica ocupar\u00e1 temporariamente espa\u00e7o no Col\u00e9gio Koeler at\u00e9 dezembro e abre novas vagas para crian\u00e7as e adolescentes, priorizando estudantes da rede p\u00fablica<\/strong><\/p>\n\n\n\n<p>A A\u00e7\u00e3o Social pela M\u00fasica do Brasil (ASMB), refer\u00eancia nacional em educa\u00e7\u00e3o musical como ferramenta de inclus\u00e3o social, acaba de iniciar um novo cap\u00edtulo em sua trajet\u00f3ria em Petr\u00f3polis. Ap\u00f3s quase uma d\u00e9cada atuando no Centro Pastoral Frei Aniceto, na Mosela, o n\u00facleo local da institui\u00e7\u00e3o passa a funcionar temporariamente em um dos pr\u00e9dios do Col\u00e9gio Koeler, no Centro da cidade, por meio de uma parceria in\u00e9dita entre as duas institui\u00e7\u00f5es. As inscri\u00e7\u00f5es para novas turmas est\u00e3o abertas e o projeto, que \u00e9 inteiramente gratuito, busca alcan\u00e7ar crian\u00e7as e adolescentes de 6 a 18 anos, com prioridade para alunos da rede p\u00fablica.<\/p>\n\n\n\n<p>Fundada h\u00e1 30 anos, a ASMB \u00e9 uma organiza\u00e7\u00e3o n\u00e3o governamental sem fins lucrativos que utiliza o ensino da m\u00fasica cl\u00e1ssica como instrumento de transforma\u00e7\u00e3o social. O projeto tem a dire\u00e7\u00e3o geral de Fiorella Solares, e foi idealizado por seu marido, o maestro David Machado. Desde sua cria\u00e7\u00e3o, j\u00e1 atendeu mais de 14 mil jovens em situa\u00e7\u00e3o de vulnerabilidade, promovendo o protagonismo juvenil e o afastamento de contextos de viol\u00eancia, evas\u00e3o escolar e uso de drogas. Em Petr\u00f3polis, o projeto vinha funcionando desde 2016 na par\u00f3quia da Mosela, mas precisou deixar o espa\u00e7o por motivos de reestrutura\u00e7\u00e3o interna da institui\u00e7\u00e3o religiosa.<\/p>\n\n\n\n<p>\u201cConversando com o diretor do Koeler, Raphael Louro, que \u00e9 um grande entusiasta das artes e tamb\u00e9m meu parceiro de trabalho h\u00e1 anos, surgiu essa possibilidade de ocupa\u00e7\u00e3o tempor\u00e1ria. Acolhemos com alegria essa chance de continuar nossos trabalhos em um espa\u00e7o que j\u00e1 valoriza a educa\u00e7\u00e3o e a cultura\u201d, afirma Jaqueline Moreira, coordenadora da ASMB em Petr\u00f3polis.<\/p>\n\n\n\n<p>A parceria prev\u00ea a perman\u00eancia da associa\u00e7\u00e3o no col\u00e9gio at\u00e9 o fim de 2025. Nesse per\u00edodo, as aulas gratuitas de violino, viola, violoncelo, contrabaixo, teoria musical e pr\u00e1tica de orquestra ser\u00e3o ministradas \u00e0s segundas, quartas e sextas-feiras, das 14h \u00e0s 17h. A sele\u00e7\u00e3o de novos alunos respeitar\u00e1 a capacidade dos instrumentos dispon\u00edveis no momento: s\u00e3o 10 vagas para violino, 15 para viola, 5 para violoncelo e 5 para contrabaixo. As inscri\u00e7\u00f5es podem ser feitas diretamente com a coordena\u00e7\u00e3o pelo telefone (24) 98156-9168.<\/p>\n\n\n\n<p>Al\u00e9m de oferecer instrumentos e ensino especializado sem custo, a associa\u00e7\u00e3o conta com o apoio da empresa GE-Celma \u2014 principal patrocinadora do projeto \u2014 e mant\u00e9m uma parceria com a Setranspetro, que garante transporte gratuito aos alunos das redes municipal e estadual por meio do acr\u00e9scimo no cart\u00e3o escolar.<\/p>\n\n\n\n<p>Segundo Jaqueline, a mudan\u00e7a representa n\u00e3o apenas uma nova fase f\u00edsica para a associa\u00e7\u00e3o, mas tamb\u00e9m um processo simb\u00f3lico de renova\u00e7\u00e3o. \u201cEstar em um ambiente escolar fortalece o nosso prop\u00f3sito. A m\u00fasica ensina ritmo, express\u00e3o, hist\u00f3ria e afeto \u2014 valores fundamentais que dialogam com a forma\u00e7\u00e3o humana. Queremos mostrar que a arte pode e deve ser acess\u00edvel a todos\u201d, diz. A coordenadora destaca, ainda, a inten\u00e7\u00e3o de integrar os alunos do projeto \u00e0s atividades promovidas pelo col\u00e9gio: \u201cQueremos participar dos eventos escolares e colaborar com as aulas de artes e m\u00fasica j\u00e1 existentes. Ser\u00e1 uma troca muito rica para todos.\u201d.<\/p>\n\n\n\n<p>Do ponto de vista do Col\u00e9gio Koeler, a parceria vem ao encontro da miss\u00e3o pedag\u00f3gica da institui\u00e7\u00e3o, que sempre manteve a arte como pilar da forma\u00e7\u00e3o de seus estudantes. \u201cAcreditamos em projetos como esse como uma forma real de oferecer oportunidades a quem n\u00e3o teria acesso a uma educa\u00e7\u00e3o musical formal. A presen\u00e7a f\u00edsica da associa\u00e7\u00e3o em nossas instala\u00e7\u00f5es \u00e9 uma oportunidade de aprendizado m\u00fatuo. \u00c9 uma parceria onde todos ganham\u201d, afirma o diretor Raphael Louro.<\/p>\n\n\n\n<p>Embora a cess\u00e3o do espa\u00e7o esteja prevista at\u00e9 dezembro, o col\u00e9gio avalia que a conviv\u00eancia com a ASMB abre portas para novas a\u00e7\u00f5es sociais e culturais futuras. \u201cMesmo que seja uma parceria tempor\u00e1ria em termos f\u00edsicos, a ASM \u00e9 uma grande amiga do Koeler. Esse v\u00ednculo certamente continuar\u00e1 de outras formas\u201d, acrescenta Louro.<\/p>\n\n\n\n<p>Para al\u00e9m das aulas e ensaios, a expectativa \u00e9 que, ao final dos seis meses, o projeto forme uma nova orquestra com n\u00famero ampliado de alunos. \u201cSonhamos com uma grande apresenta\u00e7\u00e3o no cora\u00e7\u00e3o da cidade. Queremos encerrar esse ciclo com uma demonstra\u00e7\u00e3o p\u00fablica da pot\u00eancia transformadora da m\u00fasica\u201d, conclui Jaqueline.<\/p>\n\n\n\n<p>Com atua\u00e7\u00e3o em 13 n\u00facleos pelo pa\u00eds e mais de 4 mil alunos ativos, a A\u00e7\u00e3o Social pela M\u00fasica do Brasil \u00e9 hoje reconhecida por fundar e manter importantes grupos musicais, como a Orquestra Sinf\u00f4nica Jovem do Rio de Janeiro, a Camerata Jovem do RJ e o Ensemble Carioca. Seu trabalho \u00e9 sustentado por valores como integridade, respeito \u00e0 diversidade, responsabilidade social e busca constante pela excel\u00eancia.<\/p>\n\n\n\n<p>Mais do que um espa\u00e7o provis\u00f3rio, o Col\u00e9gio Koeler se transforma, neste semestre, em um verdadeiro palco de oportunidades. Uma sala de aula onde partituras e sonhos se encontram \u2014 com a m\u00fasica como ponte para um futuro mais digno e igualit\u00e1rio.<\/p>\n\n\n\n<p>SERVI\u00c7O<br>CK Petr\u00f3polis &#8211; Col\u00e9gio Koeler<br>Av. Koeler, 190<br>Centro, Petr\u00f3polis<\/p>\n","protected":false},"excerpt":{"rendered":"<p>Projeto que transforma vidas por meio da m\u00fasica ocupar\u00e1 temporariamente espa\u00e7o no Col\u00e9gio Koeler at\u00e9<\/p>\n","protected":false},"author":1,"featured_media":46970,"comment_status":"closed","ping_status":"open","sticky":false,"template":"","format":"standard","meta":{"spay_email":"","footnotes":"","jetpack_publicize_message":""},"categories":[1],"tags":[],"jetpack_featured_media_url":"https:\/\/i1.wp.com\/jornaldeitaipava.com.br\/wp-content\/uploads\/2025\/07\/WhatsApp-Image-2025-07-29-at-11.50.13.jpeg?fit=1280%2C960&ssl=1","jetpack_publicize_connections":[],"jetpack_sharing_enabled":true,"jetpack_likes_enabled":true,"jetpack-related-posts":[],"_links":{"self":[{"href":"https:\/\/jornaldeitaipava.com.br\/index.php\/wp-json\/wp\/v2\/posts\/46969"}],"collection":[{"href":"https:\/\/jornaldeitaipava.com.br\/index.php\/wp-json\/wp\/v2\/posts"}],"about":[{"href":"https:\/\/jornaldeitaipava.com.br\/index.php\/wp-json\/wp\/v2\/types\/post"}],"author":[{"embeddable":true,"href":"https:\/\/jornaldeitaipava.com.br\/index.php\/wp-json\/wp\/v2\/users\/1"}],"replies":[{"embeddable":true,"href":"https:\/\/jornaldeitaipava.com.br\/index.php\/wp-json\/wp\/v2\/comments?post=46969"}],"version-history":[{"count":1,"href":"https:\/\/jornaldeitaipava.com.br\/index.php\/wp-json\/wp\/v2\/posts\/46969\/revisions"}],"predecessor-version":[{"id":46971,"href":"https:\/\/jornaldeitaipava.com.br\/index.php\/wp-json\/wp\/v2\/posts\/46969\/revisions\/46971"}],"wp:featuredmedia":[{"embeddable":true,"href":"https:\/\/jornaldeitaipava.com.br\/index.php\/wp-json\/wp\/v2\/media\/46970"}],"wp:attachment":[{"href":"https:\/\/jornaldeitaipava.com.br\/index.php\/wp-json\/wp\/v2\/media?parent=46969"}],"wp:term":[{"taxonomy":"category","embeddable":true,"href":"https:\/\/jornaldeitaipava.com.br\/index.php\/wp-json\/wp\/v2\/categories?post=46969"},{"taxonomy":"post_tag","embeddable":true,"href":"https:\/\/jornaldeitaipava.com.br\/index.php\/wp-json\/wp\/v2\/tags?post=46969"}],"curies":[{"name":"wp","href":"https:\/\/api.w.org\/{rel}","templated":true}]}}