{"id":46977,"date":"2025-07-29T13:37:29","date_gmt":"2025-07-29T16:37:29","guid":{"rendered":"http:\/\/jornaldeitaipava.com.br\/?p=46977"},"modified":"2025-07-29T13:37:31","modified_gmt":"2025-07-29T16:37:31","slug":"prefeitura-e-prf-promovem-acao-para-a-seguranca-no-transporte-escolar-de-criancas-e-adolescentes","status":"publish","type":"post","link":"https:\/\/jornaldeitaipava.com.br\/index.php\/2025\/07\/29\/prefeitura-e-prf-promovem-acao-para-a-seguranca-no-transporte-escolar-de-criancas-e-adolescentes\/","title":{"rendered":"Prefeitura e PRF promovem a\u00e7\u00e3o para a seguran\u00e7a no transporte escolar de crian\u00e7as e adolescentes"},"content":{"rendered":"\n<p class=\"has-text-align-center\"><strong>A atividade acontece na Casa dos Conselhos e \u00e9 voltada para motoristas e demais profissionais do setor<\/strong><\/p>\n\n\n\n<p>A Prefeitura, em parceria com a Pol\u00edcia Rodovi\u00e1ria Federal (PRF), realiza nesta ter\u00e7a-feira (29\/07), na Casa dos Conselhos Municipais Augusto \u00c2ngelo Zanatta, palestra para discutir o aprimoramento na seguran\u00e7a vi\u00e1ria no tr\u00e2nsito no transporte escolar de crian\u00e7as e adolescentes. A a\u00e7\u00e3o \u00e9 voltada para motoristas e demais profissionais do setor.<\/p>\n\n\n\n<p>\u201cO principal objetivo \u00e9 que os participantes possam tirar suas d\u00favidas e, sobretudo, expor as dificuldades enfrentadas no dia a dia relacionadas ao cumprimento da legisla\u00e7\u00e3o de tr\u00e2nsito, em especial no que se refere ao transporte de crian\u00e7as e adolescentes\u201d, destacou o policial rodovi\u00e1rio federal Marcelo Clemente.<\/p>\n\n\n\n<p>Entre os pontos de debate est\u00e3o: no\u00e7\u00f5es de legisla\u00e7\u00e3o, seguran\u00e7a e exig\u00eancias espec\u00edficas feitas para os profissionais que transportam crian\u00e7as e adolescentes. \u201cA atua\u00e7\u00e3o da Pol\u00edcia Rodovi\u00e1ria Federal, em sua miss\u00e3o de promover a seguran\u00e7a p\u00fablica com cidadania nas rodovias federais e \u00e1reas de interesse da Uni\u00e3o, visa n\u00e3o apenas coibir infra\u00e7\u00f5es, mas, acima de tudo, fomentar a reflex\u00e3o dos condutores sobre a import\u00e2ncia da condu\u00e7\u00e3o segura e o pleno conhecimento e aplica\u00e7\u00e3o das normas que regulam o setor. A fiscaliza\u00e7\u00e3o \u00e9 uma ferramenta pedag\u00f3gica e preventiva. Ela permite identificar pontos de melhoria, orientar sobre os riscos inerentes ao tr\u00e2nsito e estimular a ado\u00e7\u00e3o de condutas que realmente preservem vidas e minimizem as consequ\u00eancias dos acidentes de tr\u00e2nsito\u201d, pontuou o policial rodovi\u00e1rio federal.<\/p>\n\n\n\n<p>A palestra tem in\u00edcio \u00e0s 14h e ser\u00e1 conduzida pelo policial rodovi\u00e1rio federal Victor Freitas. A participa\u00e7\u00e3o \u00e9 gratuita. \u201cA gente vem estreitando o di\u00e1logo com os profissionais do transporte escolar desde o in\u00edcio do ano. Fizemos uma a\u00e7\u00e3o de regulariza\u00e7\u00e3o em duas etapas, para permitir que os ve\u00edculos pudessem atender as medidas de seguran\u00e7a exigidas pela legisla\u00e7\u00e3o e garantir mais seguran\u00e7a\u201d, ressaltou o presidente da Companhia Petropolitana de Tr\u00e2nsito e Transportes (CPTrans), Luciano Moreira.<\/p>\n","protected":false},"excerpt":{"rendered":"<p>A atividade acontece na Casa dos Conselhos e \u00e9 voltada para motoristas e demais profissionais<\/p>\n","protected":false},"author":1,"featured_media":46978,"comment_status":"closed","ping_status":"open","sticky":false,"template":"","format":"standard","meta":{"spay_email":"","footnotes":"","jetpack_publicize_message":""},"categories":[2],"tags":[],"jetpack_featured_media_url":"https:\/\/i1.wp.com\/jornaldeitaipava.com.br\/wp-content\/uploads\/2025\/07\/WhatsApp-Image-2025-07-28-at-18.03.50.jpeg?fit=1600%2C1200&ssl=1","jetpack_publicize_connections":[],"jetpack_sharing_enabled":true,"jetpack_likes_enabled":true,"jetpack-related-posts":[],"_links":{"self":[{"href":"https:\/\/jornaldeitaipava.com.br\/index.php\/wp-json\/wp\/v2\/posts\/46977"}],"collection":[{"href":"https:\/\/jornaldeitaipava.com.br\/index.php\/wp-json\/wp\/v2\/posts"}],"about":[{"href":"https:\/\/jornaldeitaipava.com.br\/index.php\/wp-json\/wp\/v2\/types\/post"}],"author":[{"embeddable":true,"href":"https:\/\/jornaldeitaipava.com.br\/index.php\/wp-json\/wp\/v2\/users\/1"}],"replies":[{"embeddable":true,"href":"https:\/\/jornaldeitaipava.com.br\/index.php\/wp-json\/wp\/v2\/comments?post=46977"}],"version-history":[{"count":1,"href":"https:\/\/jornaldeitaipava.com.br\/index.php\/wp-json\/wp\/v2\/posts\/46977\/revisions"}],"predecessor-version":[{"id":46979,"href":"https:\/\/jornaldeitaipava.com.br\/index.php\/wp-json\/wp\/v2\/posts\/46977\/revisions\/46979"}],"wp:featuredmedia":[{"embeddable":true,"href":"https:\/\/jornaldeitaipava.com.br\/index.php\/wp-json\/wp\/v2\/media\/46978"}],"wp:attachment":[{"href":"https:\/\/jornaldeitaipava.com.br\/index.php\/wp-json\/wp\/v2\/media?parent=46977"}],"wp:term":[{"taxonomy":"category","embeddable":true,"href":"https:\/\/jornaldeitaipava.com.br\/index.php\/wp-json\/wp\/v2\/categories?post=46977"},{"taxonomy":"post_tag","embeddable":true,"href":"https:\/\/jornaldeitaipava.com.br\/index.php\/wp-json\/wp\/v2\/tags?post=46977"}],"curies":[{"name":"wp","href":"https:\/\/api.w.org\/{rel}","templated":true}]}}