{"id":46980,"date":"2025-07-29T13:39:36","date_gmt":"2025-07-29T16:39:36","guid":{"rendered":"http:\/\/jornaldeitaipava.com.br\/?p=46980"},"modified":"2025-07-29T13:39:38","modified_gmt":"2025-07-29T16:39:38","slug":"cartorios-de-petropolis-devem-informar-sobre-gratuidade-de-certidoes-para-pessoas-de-baixa-renda","status":"publish","type":"post","link":"https:\/\/jornaldeitaipava.com.br\/index.php\/2025\/07\/29\/cartorios-de-petropolis-devem-informar-sobre-gratuidade-de-certidoes-para-pessoas-de-baixa-renda\/","title":{"rendered":"Cart\u00f3rios de Petr\u00f3polis devem informar sobre gratuidade de certid\u00f5es para pessoas de baixa renda"},"content":{"rendered":"\n<p>Foi sancionada a Lei Municipal n\u00ba 9.061\/2025, de autoria do vereador J\u00fanior Paix\u00e3o, que declara que os cart\u00f3rios de registro civil do munic\u00edpio est\u00e3o obrigados a afixar placas informativas sobre a gratuidade na emiss\u00e3o das certid\u00f5es de nascimento e de \u00f3bito para pessoas de baixa renda inscritas no Cadastro \u00danico do Governo Federal.<\/p>\n\n\n\n<p>A medida tem como objetivo garantir o direito \u00e0 informa\u00e7\u00e3o e assegurar que nenhum cidad\u00e3o deixe de obter documentos fundamentais por falta de conhecimento. A lei considera como baixa renda aqueles com cadastro ativo no Cad\u00danico e O Poder Executivo poder\u00e1 regulamentar a norma em at\u00e9 90 dias.<\/p>\n\n\n\n<p>De acordo com a nova legisla\u00e7\u00e3o, os cart\u00f3rios devem afixar placas ou cartazes vis\u00edveis, com tamanho m\u00ednimo A3, informando claramente que as pessoas de baixa renda, inscritas no Cadastro \u00danico do Governo Federal, ser\u00e3o isentas do pagamento de 1\u00aa via de Registro Civil de Nascimento e 1\u00aa via de Registro Civil de \u00d3bito.<\/p>\n\n\n\n<p>A iniciativa refor\u00e7a direitos j\u00e1 previstos em lei federal, como o artigo 30 da Lei n\u00ba 6.015\/73, com reda\u00e7\u00e3o dada pela Lei n\u00ba 9.534\/97, que garante a gratuidade do registro civil de nascimento e do registro de \u00f3bito para fam\u00edlias em situa\u00e7\u00e3o de vulnerabilidade.<\/p>\n\n\n\n<p>\u201cO que est\u00e1 na lei precisa chegar ao conhecimento de quem mais precisa. Muitas fam\u00edlias deixam de emitir certid\u00f5es por acharem que n\u00e3o podem pagar, sem saber que t\u00eam esse direito garantido. Essa lei \u00e9 uma ferramenta de cidadania\u201d, destaca o vereador.<\/p>\n\n\n\n<p>A certid\u00e3o de nascimento \u00e9 o primeiro passo para o exerc\u00edcio da cidadania, sendo essencial para a emiss\u00e3o de outros documentos e acesso a servi\u00e7os p\u00fablicos. J\u00e1 a certid\u00e3o de \u00f3bito \u00e9 indispens\u00e1vel para os tr\u00e2mites legais e burocr\u00e1ticos ap\u00f3s a perda de um ente querido.<\/p>\n","protected":false},"excerpt":{"rendered":"<p>Foi sancionada a Lei Municipal n\u00ba 9.061\/2025, de autoria do vereador J\u00fanior Paix\u00e3o, que declara<\/p>\n","protected":false},"author":1,"featured_media":13237,"comment_status":"closed","ping_status":"open","sticky":false,"template":"","format":"standard","meta":{"spay_email":"","footnotes":"","jetpack_publicize_message":""},"categories":[2],"tags":[],"jetpack_featured_media_url":"https:\/\/i0.wp.com\/jornaldeitaipava.com.br\/wp-content\/uploads\/2021\/04\/camara.jpg?fit=529%2C292&ssl=1","jetpack_publicize_connections":[],"jetpack_sharing_enabled":true,"jetpack_likes_enabled":true,"jetpack-related-posts":[],"_links":{"self":[{"href":"https:\/\/jornaldeitaipava.com.br\/index.php\/wp-json\/wp\/v2\/posts\/46980"}],"collection":[{"href":"https:\/\/jornaldeitaipava.com.br\/index.php\/wp-json\/wp\/v2\/posts"}],"about":[{"href":"https:\/\/jornaldeitaipava.com.br\/index.php\/wp-json\/wp\/v2\/types\/post"}],"author":[{"embeddable":true,"href":"https:\/\/jornaldeitaipava.com.br\/index.php\/wp-json\/wp\/v2\/users\/1"}],"replies":[{"embeddable":true,"href":"https:\/\/jornaldeitaipava.com.br\/index.php\/wp-json\/wp\/v2\/comments?post=46980"}],"version-history":[{"count":1,"href":"https:\/\/jornaldeitaipava.com.br\/index.php\/wp-json\/wp\/v2\/posts\/46980\/revisions"}],"predecessor-version":[{"id":46981,"href":"https:\/\/jornaldeitaipava.com.br\/index.php\/wp-json\/wp\/v2\/posts\/46980\/revisions\/46981"}],"wp:featuredmedia":[{"embeddable":true,"href":"https:\/\/jornaldeitaipava.com.br\/index.php\/wp-json\/wp\/v2\/media\/13237"}],"wp:attachment":[{"href":"https:\/\/jornaldeitaipava.com.br\/index.php\/wp-json\/wp\/v2\/media?parent=46980"}],"wp:term":[{"taxonomy":"category","embeddable":true,"href":"https:\/\/jornaldeitaipava.com.br\/index.php\/wp-json\/wp\/v2\/categories?post=46980"},{"taxonomy":"post_tag","embeddable":true,"href":"https:\/\/jornaldeitaipava.com.br\/index.php\/wp-json\/wp\/v2\/tags?post=46980"}],"curies":[{"name":"wp","href":"https:\/\/api.w.org\/{rel}","templated":true}]}}