{"id":46983,"date":"2025-07-29T21:05:51","date_gmt":"2025-07-30T00:05:51","guid":{"rendered":"http:\/\/jornaldeitaipava.com.br\/?p=46983"},"modified":"2025-07-29T21:05:54","modified_gmt":"2025-07-30T00:05:54","slug":"petropolis-enfrenta-o-marica-nas-oitavas-de-final-da-copa-rio","status":"publish","type":"post","link":"https:\/\/jornaldeitaipava.com.br\/index.php\/2025\/07\/29\/petropolis-enfrenta-o-marica-nas-oitavas-de-final-da-copa-rio\/","title":{"rendered":"PETR\u00d3POLIS ENFRENTA O MARIC\u00c1 NAS OITAVAS DE FINAL DA COPA RIO"},"content":{"rendered":"\n<p>Ap\u00f3s avan\u00e7ar de fase contra o Artsul, o Petr\u00f3polis FC volta a campo nesta quarta-feira (30) para encarar o Maric\u00e1 no jogo de ida das oitavas de final da Copa Rio. A partida acontece \u00e0s 14h45, no Est\u00e1dio Los Larios, em Duque de Caxias.<\/p>\n\n\n\n<p>A equipe petropolitana busca um bom resultado para largar na frente no confronto eliminat\u00f3rio. O time vem de um empate diante do Bangu, pela \u00faltima rodada da S\u00e9rie A2 do Campeonato Carioca \u2014 resultado que culminou no rebaixamento para a S\u00e9rie B1. A disputa da B1 tem previs\u00e3o de in\u00edcio para setembro.<\/p>\n\n\n\n<p>Agora, o foco do Petr\u00f3polis se volta totalmente para a Copa Rio, torneio que garante vaga em competi\u00e7\u00f5es nacionais na pr\u00f3xima temporada.<\/p>\n\n\n\n<p>&#8220;O Maric\u00e1 \u00e9 um time de primeira divis\u00e3o do carioca e merece respeito, mas confiamos no nosso trabalho e vamos buscar um bom resultado nesse jogo de ida,&#8221; afirmou o t\u00e9cnico Alan Pachoal<\/p>\n","protected":false},"excerpt":{"rendered":"<p>Ap\u00f3s avan\u00e7ar de fase contra o Artsul, o Petr\u00f3polis FC volta a campo nesta quarta-feira<\/p>\n","protected":false},"author":1,"featured_media":12112,"comment_status":"closed","ping_status":"open","sticky":false,"template":"","format":"standard","meta":{"spay_email":"","footnotes":"","jetpack_publicize_message":""},"categories":[9],"tags":[],"jetpack_featured_media_url":"https:\/\/i1.wp.com\/jornaldeitaipava.com.br\/wp-content\/uploads\/2021\/03\/FUTEBOL-2-1.jpg?fit=619%2C400&ssl=1","jetpack_publicize_connections":[],"jetpack_sharing_enabled":true,"jetpack_likes_enabled":true,"jetpack-related-posts":[],"_links":{"self":[{"href":"https:\/\/jornaldeitaipava.com.br\/index.php\/wp-json\/wp\/v2\/posts\/46983"}],"collection":[{"href":"https:\/\/jornaldeitaipava.com.br\/index.php\/wp-json\/wp\/v2\/posts"}],"about":[{"href":"https:\/\/jornaldeitaipava.com.br\/index.php\/wp-json\/wp\/v2\/types\/post"}],"author":[{"embeddable":true,"href":"https:\/\/jornaldeitaipava.com.br\/index.php\/wp-json\/wp\/v2\/users\/1"}],"replies":[{"embeddable":true,"href":"https:\/\/jornaldeitaipava.com.br\/index.php\/wp-json\/wp\/v2\/comments?post=46983"}],"version-history":[{"count":1,"href":"https:\/\/jornaldeitaipava.com.br\/index.php\/wp-json\/wp\/v2\/posts\/46983\/revisions"}],"predecessor-version":[{"id":46984,"href":"https:\/\/jornaldeitaipava.com.br\/index.php\/wp-json\/wp\/v2\/posts\/46983\/revisions\/46984"}],"wp:featuredmedia":[{"embeddable":true,"href":"https:\/\/jornaldeitaipava.com.br\/index.php\/wp-json\/wp\/v2\/media\/12112"}],"wp:attachment":[{"href":"https:\/\/jornaldeitaipava.com.br\/index.php\/wp-json\/wp\/v2\/media?parent=46983"}],"wp:term":[{"taxonomy":"category","embeddable":true,"href":"https:\/\/jornaldeitaipava.com.br\/index.php\/wp-json\/wp\/v2\/categories?post=46983"},{"taxonomy":"post_tag","embeddable":true,"href":"https:\/\/jornaldeitaipava.com.br\/index.php\/wp-json\/wp\/v2\/tags?post=46983"}],"curies":[{"name":"wp","href":"https:\/\/api.w.org\/{rel}","templated":true}]}}