{"id":46992,"date":"2025-07-29T21:10:25","date_gmt":"2025-07-30T00:10:25","guid":{"rendered":"http:\/\/jornaldeitaipava.com.br\/?p=46992"},"modified":"2025-07-29T21:10:27","modified_gmt":"2025-07-30T00:10:27","slug":"sergio-mattos-assume-presidencia-da-appo-e-ana-cristina-retorna-como-vice-e-principal-lideranca","status":"publish","type":"post","link":"https:\/\/jornaldeitaipava.com.br\/index.php\/2025\/07\/29\/sergio-mattos-assume-presidencia-da-appo-e-ana-cristina-retorna-como-vice-e-principal-lideranca\/","title":{"rendered":"S\u00e9rgio Mattos assume presid\u00eancia da APPO e Ana Cristina retorna como vice e principal lideran\u00e7a"},"content":{"rendered":"\n<p>Ap\u00f3s enfrentar uma grave enfermidade, Ana Cristina Mattos retoma seu papel hist\u00f3rico na Associa\u00e7\u00e3o Petropolitana dos Pacientes Oncol\u00f3gicos, que mant\u00e9m sua diretoria volunt\u00e1ria, equipe t\u00e9cnica e miss\u00e3o inalteradas no acolhimento e defesa dos pacientes oncol\u00f3gicos<\/p>\n\n\n\n<p>A Associa\u00e7\u00e3o Petropolitana dos Pacientes Oncol\u00f3gicos (APPO) deu posse \u00e0 nova diretoria neste m\u00eas de julho, consolidando uma transi\u00e7\u00e3o de lideran\u00e7a que refor\u00e7a a continuidade do trabalho e a uni\u00e3o de quem h\u00e1 d\u00e9cadas se dedica \u00e0 causa oncol\u00f3gica em Petr\u00f3polis. S\u00e9rgio Mattos assume oficialmente a presid\u00eancia da institui\u00e7\u00e3o, enquanto Ana Cristina Mattos, uma das fundadoras e principal lideran\u00e7a da entidade, retorna ao cargo como vice-presidente ap\u00f3s um afastamento motivado por s\u00e9rios problemas de sa\u00fade.<\/p>\n\n\n\n<p>A mudan\u00e7a, no entanto, n\u00e3o altera a ess\u00eancia da gest\u00e3o. A diretoria segue formada por volunt\u00e1rios comprometidos com a miss\u00e3o institucional da APPO e a equipe t\u00e9cnica permanece atuante, garantindo a qualidade dos servi\u00e7os oferecidos gratuitamente a pacientes em tratamento contra o c\u00e2ncer. Psicologia, fisioterapia, assist\u00eancia social, hospedagem, transporte, alimenta\u00e7\u00e3o, orienta\u00e7\u00e3o jur\u00eddica e distribui\u00e7\u00e3o de cestas de alimentos e medicamentos s\u00e3o parte de uma estrutura s\u00f3lida, sustentada por bazares, campanhas de doa\u00e7\u00e3o e parcerias com a iniciativa privada e o poder p\u00fablico.<\/p>\n\n\n\n<p>\u201cHoje, a APPO tem uma equipe t\u00e9cnica excelente, que garante suporte humanizado aos assistidos. Nosso maior desafio \u00e9 manter essa estrutura funcionando com estabilidade financeira, diante das dificuldades econ\u00f4micas e da escassez de recursos\u201d, afirma S\u00e9rgio Mattos. \u201cVamos continuar buscando parcerias, ampliando nosso di\u00e1logo com o SUS e mantendo o acolhimento como nossa prioridade.\u201d.<\/p>\n\n\n\n<p>A posse de S\u00e9rgio marca tamb\u00e9m um gesto de continuidade familiar e institucional. Marido de Ana Cristina, ele acompanhou de perto a funda\u00e7\u00e3o da associa\u00e7\u00e3o, sempre apoiando as a\u00e7\u00f5es da esposa nos bastidores. Ao longo de d\u00e9cadas, Ana Cristina se consolidou como s\u00edmbolo da luta pelos direitos dos pacientes oncol\u00f3gicos, sendo a principal articuladora da rede de solidariedade que sustenta a APPO at\u00e9 hoje.<\/p>\n\n\n\n<p>Recentemente, Ana Cristina enfrentou um dos momentos mais dif\u00edceis de sua vida: \u201cFiquei 64 dias internada no CTI. Foi um per\u00edodo de medo, mas tamb\u00e9m de f\u00e9. Recebi muitas ora\u00e7\u00f5es e mensagens de apoio. Hoje estou em fase de recupera\u00e7\u00e3o, fazendo fisioterapia, fonoaudiologia, me alimentando bem. Voltar \u00e0 APPO \u00e9 um presente de Deus.\u201d.<\/p>\n\n\n\n<p>Ela explica que a decis\u00e3o de convidar o marido para assumir a presid\u00eancia veio durante esse processo de recupera\u00e7\u00e3o: \u201cPedi ao S\u00e9rgio que assumisse porque ele viveu tudo isso comigo e sabe o quanto a APPO \u00e9 importante para mim. Precis\u00e1vamos de algu\u00e9m de confian\u00e7a, que entendesse a hist\u00f3ria da institui\u00e7\u00e3o e a necessidade de continuidade.\u201d.<\/p>\n\n\n\n<p>Mesmo como vice-presidente, Ana Cristina continua sendo a principal refer\u00eancia da associa\u00e7\u00e3o: \u201cA verdade \u00e9 que pouca coisa muda. Continuo participando das decis\u00f5es, acompanhando os projetos e dando a \u00faltima palavra quando necess\u00e1rio. Estou viva, estou voltando, e sigo com a mesma garra de sempre.\u201d.<\/p>\n\n\n\n<p>A nova diretoria \u00e9 composta exclusivamente por volunt\u00e1rios: al\u00e9m de S\u00e9rgio e Ana Cristina, integram a equipe M\u00f4nica Possas (secret\u00e1ria), Ros\u00e2ngela Silva (tesoureira), Gabriela Andrade (rela\u00e7\u00f5es p\u00fablicas) e as conselheiras fiscais Cl\u00e9o de Marco, Patr\u00edcia Fernandes e Rosemarie Borde Serafim. Juntos, eles refor\u00e7am o compromisso de manter a APPO como um espa\u00e7o de acolhimento, dignidade e luta por direitos.<\/p>\n\n\n\n<p>\u201cEssa \u00e9 a causa da minha vida\u201d, conclui Ana Cristina. \u201cA APPO vai continuar sendo esse lugar de amor, de cuidado e de esperan\u00e7a para quem enfrenta o c\u00e2ncer. E eu estarei aqui, como sempre estive.\u201d.<\/p>\n\n\n\n<p>Informa\u00e7\u00f5es sobre a APPO ou como se tornar um parceiro e mudar a vida de algum paciente oncol\u00f3gico, podem ser obtidas na sede da APPO \u2013 Associa\u00e7\u00e3o Petropolitana dos Pacientes Oncol\u00f3gicos, localizada \u00e0 Rua Visconde da Penha, n\u00ba 72 &#8211; Centro \u2013 Petr\u00f3polis \u2013 RJ, por meio do telefone fixo (24) 2242-0956, do WhastsApp (24) 99274-1377, do site www.appo.org.br, do e-mail appo@appo.org.br ou ainda das m\u00eddias sociais Facebook @appo.org e Instagram @associacaopetropolitana.<\/p>\n","protected":false},"excerpt":{"rendered":"<p>Ap\u00f3s enfrentar uma grave enfermidade, Ana Cristina Mattos retoma seu papel hist\u00f3rico na Associa\u00e7\u00e3o Petropolitana<\/p>\n","protected":false},"author":1,"featured_media":46993,"comment_status":"closed","ping_status":"open","sticky":false,"template":"","format":"standard","meta":{"spay_email":"","footnotes":"","jetpack_publicize_message":""},"categories":[2],"tags":[],"jetpack_featured_media_url":"https:\/\/i1.wp.com\/jornaldeitaipava.com.br\/wp-content\/uploads\/2025\/07\/WhatsApp-Image-2025-07-29-at-15.48.50.jpeg?fit=1600%2C720&ssl=1","jetpack_publicize_connections":[],"jetpack_sharing_enabled":true,"jetpack_likes_enabled":true,"jetpack-related-posts":[],"_links":{"self":[{"href":"https:\/\/jornaldeitaipava.com.br\/index.php\/wp-json\/wp\/v2\/posts\/46992"}],"collection":[{"href":"https:\/\/jornaldeitaipava.com.br\/index.php\/wp-json\/wp\/v2\/posts"}],"about":[{"href":"https:\/\/jornaldeitaipava.com.br\/index.php\/wp-json\/wp\/v2\/types\/post"}],"author":[{"embeddable":true,"href":"https:\/\/jornaldeitaipava.com.br\/index.php\/wp-json\/wp\/v2\/users\/1"}],"replies":[{"embeddable":true,"href":"https:\/\/jornaldeitaipava.com.br\/index.php\/wp-json\/wp\/v2\/comments?post=46992"}],"version-history":[{"count":1,"href":"https:\/\/jornaldeitaipava.com.br\/index.php\/wp-json\/wp\/v2\/posts\/46992\/revisions"}],"predecessor-version":[{"id":46994,"href":"https:\/\/jornaldeitaipava.com.br\/index.php\/wp-json\/wp\/v2\/posts\/46992\/revisions\/46994"}],"wp:featuredmedia":[{"embeddable":true,"href":"https:\/\/jornaldeitaipava.com.br\/index.php\/wp-json\/wp\/v2\/media\/46993"}],"wp:attachment":[{"href":"https:\/\/jornaldeitaipava.com.br\/index.php\/wp-json\/wp\/v2\/media?parent=46992"}],"wp:term":[{"taxonomy":"category","embeddable":true,"href":"https:\/\/jornaldeitaipava.com.br\/index.php\/wp-json\/wp\/v2\/categories?post=46992"},{"taxonomy":"post_tag","embeddable":true,"href":"https:\/\/jornaldeitaipava.com.br\/index.php\/wp-json\/wp\/v2\/tags?post=46992"}],"curies":[{"name":"wp","href":"https:\/\/api.w.org\/{rel}","templated":true}]}}