{"id":46995,"date":"2025-07-29T21:12:55","date_gmt":"2025-07-30T00:12:55","guid":{"rendered":"http:\/\/jornaldeitaipava.com.br\/?p=46995"},"modified":"2025-07-29T21:12:59","modified_gmt":"2025-07-30T00:12:59","slug":"turp-transporte-oferece-30-vagas-em-balcao-de-empregos-no-terminal-centro","status":"publish","type":"post","link":"https:\/\/jornaldeitaipava.com.br\/index.php\/2025\/07\/29\/turp-transporte-oferece-30-vagas-em-balcao-de-empregos-no-terminal-centro\/","title":{"rendered":"Turp Transporte oferece 30 vagas em Balc\u00e3o de Empregos no Terminal Centro"},"content":{"rendered":"\n<p>A Turp Transporte realiza, nesta quarta-feira (30), o Balc\u00e3o de Empregos, no Terminal Centro. A empresa de \u00f4nibus vai atender presencialmente pessoas que estejam em busca de uma oportunidade de trabalho. Nesta etapa, est\u00e3o sendo ofertadas 30 vagas, para 10 diferentes fun\u00e7\u00f5es. Para concorrer, basta entregar curr\u00edculo, das 9h \u00e0s 12h ou das 13h \u00e0s 17h.<\/p>\n\n\n\n<p>Segundo a empresa, h\u00e1 oportunidade para as fun\u00e7\u00f5es de l\u00edder de limpeza, auxiliar de servi\u00e7os gerais, almoxarifado, motorista, manobrador, l\u00edder de manuten\u00e7\u00e3o, auxiliar de tr\u00e1fego, instrutor, lubrificador e lavador.<\/p>\n\n\n\n<p>As equipes de Recursos Humanos estar\u00e3o na sala anexa ao Terminal Centro, pr\u00f3ximo ao frald\u00e1rio, conhecendo os poss\u00edveis candidatos, que v\u00e3o concorrer \u00e0s vagas de emprego para contrata\u00e7\u00e3o imediata. Os requisitos b\u00e1sicos s\u00e3o: escolaridade a partir do 5\u00ba ano, disponibilidade de hor\u00e1rio e residir em Petr\u00f3polis.<\/p>\n\n\n\n<p>\u201cOs balc\u00f5es de emprego proporcionam mais dinamismo durante o processo seletivo. Durante o recrutamento, desde o primeiro momento, estreitamos a rela\u00e7\u00e3o da empresa com os candidatos, disponibilizando informa\u00e7\u00f5es para eventuais d\u00favidas\u201d, destacou Jean Moraes, diretor da Turp Transporte.<\/p>\n\n\n\n<p>Refor\u00e7ando o compromisso com a inclus\u00e3o, a Turp Transporte ainda disponibiliza vagas para Pessoas com Defici\u00eancia (PCDs). Quem n\u00e3o conseguir levar o curr\u00edculo \u00e0 sala da empresa, no Terminal Centro, pode encaminhar, em formato PDF, para o e-mail vagas@turp.com.br.<\/p>\n","protected":false},"excerpt":{"rendered":"<p>A Turp Transporte realiza, nesta quarta-feira (30), o Balc\u00e3o de Empregos, no Terminal Centro. A<\/p>\n","protected":false},"author":1,"featured_media":19633,"comment_status":"closed","ping_status":"open","sticky":false,"template":"","format":"standard","meta":{"spay_email":"","footnotes":"","jetpack_publicize_message":""},"categories":[24],"tags":[],"jetpack_featured_media_url":"https:\/\/i1.wp.com\/jornaldeitaipava.com.br\/wp-content\/uploads\/2021\/09\/TURP.png?fit=1280%2C853&ssl=1","jetpack_publicize_connections":[],"jetpack_sharing_enabled":true,"jetpack_likes_enabled":true,"jetpack-related-posts":[],"_links":{"self":[{"href":"https:\/\/jornaldeitaipava.com.br\/index.php\/wp-json\/wp\/v2\/posts\/46995"}],"collection":[{"href":"https:\/\/jornaldeitaipava.com.br\/index.php\/wp-json\/wp\/v2\/posts"}],"about":[{"href":"https:\/\/jornaldeitaipava.com.br\/index.php\/wp-json\/wp\/v2\/types\/post"}],"author":[{"embeddable":true,"href":"https:\/\/jornaldeitaipava.com.br\/index.php\/wp-json\/wp\/v2\/users\/1"}],"replies":[{"embeddable":true,"href":"https:\/\/jornaldeitaipava.com.br\/index.php\/wp-json\/wp\/v2\/comments?post=46995"}],"version-history":[{"count":1,"href":"https:\/\/jornaldeitaipava.com.br\/index.php\/wp-json\/wp\/v2\/posts\/46995\/revisions"}],"predecessor-version":[{"id":46996,"href":"https:\/\/jornaldeitaipava.com.br\/index.php\/wp-json\/wp\/v2\/posts\/46995\/revisions\/46996"}],"wp:featuredmedia":[{"embeddable":true,"href":"https:\/\/jornaldeitaipava.com.br\/index.php\/wp-json\/wp\/v2\/media\/19633"}],"wp:attachment":[{"href":"https:\/\/jornaldeitaipava.com.br\/index.php\/wp-json\/wp\/v2\/media?parent=46995"}],"wp:term":[{"taxonomy":"category","embeddable":true,"href":"https:\/\/jornaldeitaipava.com.br\/index.php\/wp-json\/wp\/v2\/categories?post=46995"},{"taxonomy":"post_tag","embeddable":true,"href":"https:\/\/jornaldeitaipava.com.br\/index.php\/wp-json\/wp\/v2\/tags?post=46995"}],"curies":[{"name":"wp","href":"https:\/\/api.w.org\/{rel}","templated":true}]}}