{"id":46997,"date":"2025-07-29T21:26:02","date_gmt":"2025-07-30T00:26:02","guid":{"rendered":"http:\/\/jornaldeitaipava.com.br\/?p=46997"},"modified":"2025-07-29T21:26:22","modified_gmt":"2025-07-30T00:26:22","slug":"1036-milhoes-vao-as-compras-no-dia-dos-pais-movimentando-mais-de-r-27-bilhoes-no-pais","status":"publish","type":"post","link":"https:\/\/jornaldeitaipava.com.br\/index.php\/2025\/07\/29\/1036-milhoes-vao-as-compras-no-dia-dos-pais-movimentando-mais-de-r-27-bilhoes-no-pais\/","title":{"rendered":"103,6 milh\u00f5es v\u00e3o \u00e0s compras no Dia dos Pais, movimentando mais de R$ 27 bilh\u00f5es no pa\u00eds"},"content":{"rendered":"\n<p class=\"has-text-align-center\"><strong>Com\u00e9rcio de Petr\u00f3polis aposta na data para alavancar o segundo semestre, apesar de leve retra\u00e7\u00e3o no n\u00famero de consumidores<\/strong><\/p>\n\n\n\n<p>O Dia dos Pais deve injetar R$ 27,13 bilh\u00f5es na economia brasileira este ano, segundo levantamento da Confedera\u00e7\u00e3o Nacional de Dirigentes Lojistas (CNDL) e do Servi\u00e7o de Prote\u00e7\u00e3o ao Cr\u00e9dito (SPC Brasil), em parceria com a Offerwise Pesquisas. A expectativa, mesmo diante de uma leve retra\u00e7\u00e3o no n\u00famero de consumidores em rela\u00e7\u00e3o ao ano passado, \u00e9 de forte movimenta\u00e7\u00e3o no com\u00e9rcio nos pr\u00f3ximos dias \u2014 inclusive em Petr\u00f3polis, onde lojistas j\u00e1 refor\u00e7am os estoques e as vitrines.<\/p>\n\n\n\n<p>De acordo com a pesquisa, 65% dos consumidores pretendem comprar presentes para o Dia dos Pais, o que equivale a cerca de 106,3 milh\u00f5es de brasileiros \u2014 4,6 milh\u00f5es a menos do que em 2024. Mesmo assim, a data continua sendo estrat\u00e9gica para o varejo.<\/p>\n\n\n\n<p>Em Petr\u00f3polis, a C\u00e2mara de Dirigentes Lojistas (CDL) acompanha de perto o comportamento do consumidor e aposta no apelo afetivo da data para estimular as vendas. \u201cApesar da redu\u00e7\u00e3o no n\u00famero de compradores em n\u00edvel nacional, os lojistas petropolitanos est\u00e3o otimistas. O Dia dos Pais tem grande peso emocional e, com criatividade e promo\u00e7\u00f5es, o com\u00e9rcio local deve atrair os consumidores\u201d, avalia Cl\u00e1udio Mohammad, presidente da CDL Petr\u00f3polis.<\/p>\n\n\n\n<p>A pesquisa mostra que 31% dos entrevistados pretendem gastar mais do que no ano passado. Desses, 58% afirmam que querem comprar presentes melhores, enquanto 36% querem adquirir mais itens e 34% apontam o aumento de pre\u00e7os como fator decisivo. Por outro lado, 18% pretendem gastar menos, principalmente para economizar (49%), em fun\u00e7\u00e3o de dificuldades financeiras (38%) ou d\u00edvidas em atraso (30%).<\/p>\n\n\n\n<p>Ainda segundo o levantamento, 62% dos consumidores percebem aumento nos pre\u00e7os este ano. Mesmo assim, 76% pretendem pagar os presentes \u00e0 vista, sendo que o PIX ser\u00e1 o meio preferido (46%), seguido do cart\u00e3o de d\u00e9bito (18%). J\u00e1 entre os que v\u00e3o parcelar (39%), o cart\u00e3o de cr\u00e9dito aparece como principal escolha (30%), com m\u00e9dia de 3,4 parcelas.<\/p>\n\n\n\n<p>Para Cl\u00e1udio Mohammad, as formas de pagamento tamb\u00e9m refletem o comportamento mais cauteloso do consumidor. \u201cA prefer\u00eancia pelo pagamento \u00e0 vista mostra que o consumidor est\u00e1 mais atento ao or\u00e7amento. Isso exige do com\u00e9rcio local estrat\u00e9gias mais inteligentes, com ofertas claras, parcelamentos facilitados e atendimento personalizado\u201d, diz.<\/p>\n\n\n\n<p>A pesquisa revela ainda que 78% dos entrevistados pretendem pesquisar pre\u00e7os antes da compra \u2014 a maioria no ambiente online (81%) e 68% em lojas f\u00edsicas. Al\u00e9m disso, vitrines bem montadas continuam sendo decisivas: 36% dos consumidores dizem se influenciar por elas, seguidas por buscadores online (32%) e publica\u00e7\u00f5es no Instagram (31%).<\/p>\n\n\n\n<p>Entre os presentes, a maioria ser\u00e1 comprada pelos pr\u00f3prios filhos (57%), mas tamb\u00e9m h\u00e1 quem v\u00e1 \u00e0s compras para o esposo (19%), sogro (11%) e pai dos filhos (10%). Quase 80% dos entrevistados v\u00e3o pagar sozinhos pelos presentes, enquanto 16% dividir\u00e3o os custos, principalmente com irm\u00e3os e c\u00f4njuges.<\/p>\n\n\n\n<p>\u201cNosso com\u00e9rcio tem tradi\u00e7\u00e3o, qualidade e atendimento personalizado, que fazem toda a diferen\u00e7a em datas como o Dia dos Pais. \u00c9 uma oportunidade n\u00e3o s\u00f3 para aumentar as vendas, mas tamb\u00e9m para fortalecer o v\u00ednculo entre lojistas e consumidores locais\u201d, analisa Claudio Mohammad.<\/p>\n","protected":false},"excerpt":{"rendered":"<p>Com\u00e9rcio de Petr\u00f3polis aposta na data para alavancar o segundo semestre, apesar de leve retra\u00e7\u00e3o<\/p>\n","protected":false},"author":1,"featured_media":46998,"comment_status":"closed","ping_status":"open","sticky":false,"template":"","format":"standard","meta":{"spay_email":"","footnotes":"","jetpack_publicize_message":""},"categories":[24],"tags":[],"jetpack_featured_media_url":"https:\/\/i2.wp.com\/jornaldeitaipava.com.br\/wp-content\/uploads\/2025\/07\/Dia-dos-Pais-Comercio-2.jpg?fit=800%2C445&ssl=1","jetpack_publicize_connections":[],"jetpack_sharing_enabled":true,"jetpack_likes_enabled":true,"jetpack-related-posts":[],"_links":{"self":[{"href":"https:\/\/jornaldeitaipava.com.br\/index.php\/wp-json\/wp\/v2\/posts\/46997"}],"collection":[{"href":"https:\/\/jornaldeitaipava.com.br\/index.php\/wp-json\/wp\/v2\/posts"}],"about":[{"href":"https:\/\/jornaldeitaipava.com.br\/index.php\/wp-json\/wp\/v2\/types\/post"}],"author":[{"embeddable":true,"href":"https:\/\/jornaldeitaipava.com.br\/index.php\/wp-json\/wp\/v2\/users\/1"}],"replies":[{"embeddable":true,"href":"https:\/\/jornaldeitaipava.com.br\/index.php\/wp-json\/wp\/v2\/comments?post=46997"}],"version-history":[{"count":1,"href":"https:\/\/jornaldeitaipava.com.br\/index.php\/wp-json\/wp\/v2\/posts\/46997\/revisions"}],"predecessor-version":[{"id":46999,"href":"https:\/\/jornaldeitaipava.com.br\/index.php\/wp-json\/wp\/v2\/posts\/46997\/revisions\/46999"}],"wp:featuredmedia":[{"embeddable":true,"href":"https:\/\/jornaldeitaipava.com.br\/index.php\/wp-json\/wp\/v2\/media\/46998"}],"wp:attachment":[{"href":"https:\/\/jornaldeitaipava.com.br\/index.php\/wp-json\/wp\/v2\/media?parent=46997"}],"wp:term":[{"taxonomy":"category","embeddable":true,"href":"https:\/\/jornaldeitaipava.com.br\/index.php\/wp-json\/wp\/v2\/categories?post=46997"},{"taxonomy":"post_tag","embeddable":true,"href":"https:\/\/jornaldeitaipava.com.br\/index.php\/wp-json\/wp\/v2\/tags?post=46997"}],"curies":[{"name":"wp","href":"https:\/\/api.w.org\/{rel}","templated":true}]}}