{"id":47000,"date":"2025-07-29T21:28:21","date_gmt":"2025-07-30T00:28:21","guid":{"rendered":"http:\/\/jornaldeitaipava.com.br\/?p=47000"},"modified":"2025-07-29T21:28:32","modified_gmt":"2025-07-30T00:28:32","slug":"unita-cobra-plano-emergencial-contra-alagamentos-em-itaipava-antes-da-chegada-do-verao","status":"publish","type":"post","link":"https:\/\/jornaldeitaipava.com.br\/index.php\/2025\/07\/29\/unita-cobra-plano-emergencial-contra-alagamentos-em-itaipava-antes-da-chegada-do-verao\/","title":{"rendered":"UNITA cobra plano emergencial contra alagamentos em Itaipava antes da chegada do ver\u00e3o"},"content":{"rendered":"\n<p class=\"has-text-align-center\"><strong>Distrito tem mobilidade afetada com alagamentos, comprometendo economia e seguran\u00e7a dos moradores<\/strong><\/p>\n\n\n\n<p>Ap\u00f3s os transtornos causados pelas fortes chuvas do \u00faltimo ver\u00e3o e a seis meses da chegada da esta\u00e7\u00e3o das chuvas, o movimento Unidos por Itaipava (Unita) voltou a cobrar das autoridades p\u00fablicas uma resposta imediata para os recorrentes alagamentos que atingem a Estrada Uni\u00e3o e Ind\u00fastria, principal via do distrito. Em comunicados enviados, a entidade cobra que agentes p\u00fablicos apresentem um plano emergencial de conten\u00e7\u00e3o e drenagem antes do in\u00edcio do pr\u00f3ximo per\u00edodo chuvoso.<\/p>\n\n\n\n<p>\u201cS\u00e3o seis meses antes do in\u00edcio da esta\u00e7\u00e3o das chuvas e \u00e9 o momento crucial para medidas que possam evitar preju\u00edzos e riscos. Queremos planejamento e a\u00e7\u00e3o preventiva\u201d, afirma Alexandre Plantz, presidente da Unita. Durante os meses de dezembro e janeiro, Itaipava sofreu com temporais, que resultaram em alagamentos severos em diversos pontos do distrito como as retas pr\u00f3ximo ao Bramil e ao Parque de Exposi\u00e7\u00f5es. Bols\u00f5es d\u2019\u00e1gua tamb\u00e9m foram formados em v\u00e1rios outros trechos mostrando a falta de drenagem correta e movimenta\u00e7\u00e3o de terra em ruas adjacentes. O resultado foram engarrafamentos, pedestres e motoristas em risco, \u00f4nibus sem poder circular e preju\u00edzo aos neg\u00f3cios. &nbsp;A mesma situa\u00e7\u00e3o foi verificada em abril, quando um temporal, mesmo fora da esta\u00e7\u00e3o das chuvas, resultou em alagamentos.<\/p>\n\n\n\n<p>Para Alexandre Plantz, os danos causados na temporada passada evidenciam a fragilidade da infraestrutura da principal via do distrito e a falta de fiscaliza\u00e7\u00e3o \u201cO ver\u00e3o passado foi um alerta claro: a drenagem da Uni\u00e3o e Ind\u00fastria est\u00e1 no limite. Se nada for feito agora, o pr\u00f3ximo ver\u00e3o ser\u00e1 com o mesmo transtorno\u201d, alerta. Ele refor\u00e7a a necessidade de um plano emergencial com cronograma, or\u00e7amento definido e total transpar\u00eancia na execu\u00e7\u00e3o.<\/p>\n\n\n\n<p>O secret\u00e1rio da Unita, Fabr\u00edcio Santos, tamb\u00e9m criticou a falta de articula\u00e7\u00e3o entre os entes p\u00fablicos e defendeu o uso dos estudos t\u00e9cnicos para balizar solu\u00e7\u00f5es. \u201cN\u00e3o se trata de um apelo pol\u00edtico, mas de uma quest\u00e3o humanit\u00e1ria. Estamos falando da seguran\u00e7a de moradores, comerciantes, trabalhadores e visitantes\u201d, destacou.<\/p>\n\n\n\n<p>Entre as medidas sugeridas pela entidade \u00e0 prefeitura e governos do estado e Uni\u00e3o, est\u00e3o a execu\u00e7\u00e3o imediata de obras de drenagem nos trechos mais cr\u00edticos da Uni\u00e3o e Ind\u00fastria, a limpeza preventiva de bueiros e canais, a instala\u00e7\u00e3o de sensores de monitoramento de n\u00edvel de \u00e1gua e a cria\u00e7\u00e3o de um comit\u00ea de crise com participa\u00e7\u00e3o da sociedade civil, especialistas e representantes do poder p\u00fablico.<\/p>\n\n\n\n<p>\u201cItaipava \u00e9 um dos principais destinos tur\u00edsticos da Serra e um dos motores econ\u00f4micos de Petr\u00f3polis. A Uni\u00e3o e Ind\u00fastria n\u00e3o \u00e9 apenas uma via de passagem \u2014 \u00e9 o eixo que conecta hot\u00e9is, restaurantes, polos comerciais e \u00e1reas residenciais. Quando ela alaga, a cidade para. O que estamos pedindo n\u00e3o \u00e9 um favor, \u00e9 responsabilidade com uma regi\u00e3o estrat\u00e9gica para o turismo, para o com\u00e9rcio e para a vida das pessoas\u201d, pontua Alexandre Plantz.<\/p>\n","protected":false},"excerpt":{"rendered":"<p>Distrito tem mobilidade afetada com alagamentos, comprometendo economia e seguran\u00e7a dos moradores Ap\u00f3s os transtornos<\/p>\n","protected":false},"author":1,"featured_media":47001,"comment_status":"closed","ping_status":"open","sticky":false,"template":"","format":"standard","meta":{"spay_email":"","footnotes":"","jetpack_publicize_message":""},"categories":[24],"tags":[],"jetpack_featured_media_url":"https:\/\/i1.wp.com\/jornaldeitaipava.com.br\/wp-content\/uploads\/2025\/07\/Alagamentos-Uniao-e-Industria-Itaipava-2.jpeg?fit=1170%2C1028&ssl=1","jetpack_publicize_connections":[],"jetpack_sharing_enabled":true,"jetpack_likes_enabled":true,"jetpack-related-posts":[],"_links":{"self":[{"href":"https:\/\/jornaldeitaipava.com.br\/index.php\/wp-json\/wp\/v2\/posts\/47000"}],"collection":[{"href":"https:\/\/jornaldeitaipava.com.br\/index.php\/wp-json\/wp\/v2\/posts"}],"about":[{"href":"https:\/\/jornaldeitaipava.com.br\/index.php\/wp-json\/wp\/v2\/types\/post"}],"author":[{"embeddable":true,"href":"https:\/\/jornaldeitaipava.com.br\/index.php\/wp-json\/wp\/v2\/users\/1"}],"replies":[{"embeddable":true,"href":"https:\/\/jornaldeitaipava.com.br\/index.php\/wp-json\/wp\/v2\/comments?post=47000"}],"version-history":[{"count":1,"href":"https:\/\/jornaldeitaipava.com.br\/index.php\/wp-json\/wp\/v2\/posts\/47000\/revisions"}],"predecessor-version":[{"id":47002,"href":"https:\/\/jornaldeitaipava.com.br\/index.php\/wp-json\/wp\/v2\/posts\/47000\/revisions\/47002"}],"wp:featuredmedia":[{"embeddable":true,"href":"https:\/\/jornaldeitaipava.com.br\/index.php\/wp-json\/wp\/v2\/media\/47001"}],"wp:attachment":[{"href":"https:\/\/jornaldeitaipava.com.br\/index.php\/wp-json\/wp\/v2\/media?parent=47000"}],"wp:term":[{"taxonomy":"category","embeddable":true,"href":"https:\/\/jornaldeitaipava.com.br\/index.php\/wp-json\/wp\/v2\/categories?post=47000"},{"taxonomy":"post_tag","embeddable":true,"href":"https:\/\/jornaldeitaipava.com.br\/index.php\/wp-json\/wp\/v2\/tags?post=47000"}],"curies":[{"name":"wp","href":"https:\/\/api.w.org\/{rel}","templated":true}]}}