{"id":47008,"date":"2025-07-29T21:53:20","date_gmt":"2025-07-30T00:53:20","guid":{"rendered":"http:\/\/jornaldeitaipava.com.br\/?p=47008"},"modified":"2025-07-30T13:36:40","modified_gmt":"2025-07-30T16:36:40","slug":"teresopolis-recebe-mais-sete-veiculos-novos-para-qualificar-o-transporte-publico","status":"publish","type":"post","link":"https:\/\/jornaldeitaipava.com.br\/index.php\/2025\/07\/29\/teresopolis-recebe-mais-sete-veiculos-novos-para-qualificar-o-transporte-publico\/","title":{"rendered":"Teres\u00f3polis recebe mais sete ve\u00edculos novos para qualificar o transporte p\u00fablico"},"content":{"rendered":"\n<p><strong>Com a chegada das novas unidades, renova\u00e7\u00e3o de frota do munic\u00edpio j\u00e1 conta com 15 ve\u00edculos zero km s\u00f3 esse ano<\/strong><\/p>\n\n\n\n<p>Teres\u00f3polis. 29 de julho de 2025&nbsp;&#8211; A cidade de Teres\u00f3polis (RJ) segue avan\u00e7ando na moderniza\u00e7\u00e3o do transporte p\u00fablico municipal. Nesta semana, seis novos \u00f4nibus e um micro\u00f4nibus passam a refor\u00e7ar a frota das empresas Dedo de Deus e 1\u00ba de Mar\u00e7o, respons\u00e1veis pela opera\u00e7\u00e3o do sistema de transporte coletivo urbano. Com essa nova entrega, j\u00e1 s\u00e3o 20 novos ve\u00edculos incorporados ao servi\u00e7o, sendo 15 deles zero quil\u00f4metro \u2013 configurando a maior renova\u00e7\u00e3o de frota da cidade na \u00faltima d\u00e9cada.<\/p>\n\n\n\n<p>Com um investimento que j\u00e1 ultrapassa os R$ 16 milh\u00f5es por parte das empresas concession\u00e1rias, a iniciativa integra a segunda fase do Programa Vai de \u00d4nibus, desenvolvido pela Prefeitura Municipal de Teres\u00f3polis.<\/p>\n\n\n\n<p>Nesta etapa, os novos ve\u00edculos passam a atender linhas que circulam pelos bairros Beira Linha, Fazenda Ermitage, Caleme, 40 Casas, Soberbo, Albuquerque, Granja Guarani e \u00c1lvaro Pan\u00e1. Desde o in\u00edcio do processo, j\u00e1 foram beneficiadas regi\u00f5es como Meudon, Barra, Vale da Revolta, Fonte Santa, Ermitage, Jardim Meudon, Fischer, Parque Ing\u00e1, Quinta Lebr\u00e3o, Alto, Tijuca e Ros\u00e1rio.<\/p>\n\n\n\n<p>Todos os novos ve\u00edculos s\u00e3o 100% acess\u00edveis, com elevadores semiautom\u00e1ticos e assentos adaptados para pessoas com defici\u00eancia, mobilidade reduzida e idosos. Al\u00e9m disso, contam com poltronas semi-rodovi\u00e1rias e motores padr\u00e3o Euro 6, que&nbsp;reduzem em at\u00e9 85% a emiss\u00e3o de poluentes.<\/p>\n\n\n\n<p>Criador do projeto &#8220;Vai de \u00d4nibus&#8221;, o prefeito Leonardo Vasconcellos afirmou que a melhoria do transporte p\u00fablico \u00e9 uma das prioridades do seu governo: &#8220;Qualificar e incentivar o uso do transporte p\u00fablico \u00e9 uma das bandeiras do nosso governo. Criamos o programa &#8220;Vai de \u00d4nibus&#8221;, que tem o Doming\u00e3o Tarifa Zero, que j\u00e1 conduziu milhares de pessoas no primeiro semestre de forma gratuita. Abaixamos o valor da passagem para R$ 4,90 e agora o objetivo \u00e9 renovar e modernizar a qualidade dos \u00f4nibus para melhorar ainda mais o servi\u00e7o para a popula\u00e7\u00e3o &#8211; afirmou o prefeito.<\/p>\n\n\n\n<p>O diretor da Via\u00e7\u00e3o Dedo de Deus, Marcelo Augusto, comemora os avan\u00e7os. \u201cDesde 2021 falamos da necessidade de reequil\u00edbrio econ\u00f4mico do sistema de transporte para que ele voltasse a ter qualidade e capacidade de investimento. No in\u00edcio desse ano, com a nova pol\u00edtica de mobilidade adotada pelo governo municipal, avan\u00e7amos nessa agenda e ainda temos muitas melhorias em andamento\u201d, destacou.<\/p>\n","protected":false},"excerpt":{"rendered":"<p>Com a chegada das novas unidades, renova\u00e7\u00e3o de frota do munic\u00edpio j\u00e1 conta com 15<\/p>\n","protected":false},"author":1,"featured_media":47009,"comment_status":"closed","ping_status":"open","sticky":false,"template":"","format":"standard","meta":{"spay_email":"","footnotes":"","jetpack_publicize_message":""},"categories":[5],"tags":[],"jetpack_featured_media_url":"https:\/\/i2.wp.com\/jornaldeitaipava.com.br\/wp-content\/uploads\/2025\/07\/Divulgacao-frota_03.jpg?fit=1199%2C750&ssl=1","jetpack_publicize_connections":[],"jetpack_sharing_enabled":true,"jetpack_likes_enabled":true,"jetpack-related-posts":[],"_links":{"self":[{"href":"https:\/\/jornaldeitaipava.com.br\/index.php\/wp-json\/wp\/v2\/posts\/47008"}],"collection":[{"href":"https:\/\/jornaldeitaipava.com.br\/index.php\/wp-json\/wp\/v2\/posts"}],"about":[{"href":"https:\/\/jornaldeitaipava.com.br\/index.php\/wp-json\/wp\/v2\/types\/post"}],"author":[{"embeddable":true,"href":"https:\/\/jornaldeitaipava.com.br\/index.php\/wp-json\/wp\/v2\/users\/1"}],"replies":[{"embeddable":true,"href":"https:\/\/jornaldeitaipava.com.br\/index.php\/wp-json\/wp\/v2\/comments?post=47008"}],"version-history":[{"count":1,"href":"https:\/\/jornaldeitaipava.com.br\/index.php\/wp-json\/wp\/v2\/posts\/47008\/revisions"}],"predecessor-version":[{"id":47010,"href":"https:\/\/jornaldeitaipava.com.br\/index.php\/wp-json\/wp\/v2\/posts\/47008\/revisions\/47010"}],"wp:featuredmedia":[{"embeddable":true,"href":"https:\/\/jornaldeitaipava.com.br\/index.php\/wp-json\/wp\/v2\/media\/47009"}],"wp:attachment":[{"href":"https:\/\/jornaldeitaipava.com.br\/index.php\/wp-json\/wp\/v2\/media?parent=47008"}],"wp:term":[{"taxonomy":"category","embeddable":true,"href":"https:\/\/jornaldeitaipava.com.br\/index.php\/wp-json\/wp\/v2\/categories?post=47008"},{"taxonomy":"post_tag","embeddable":true,"href":"https:\/\/jornaldeitaipava.com.br\/index.php\/wp-json\/wp\/v2\/tags?post=47008"}],"curies":[{"name":"wp","href":"https:\/\/api.w.org\/{rel}","templated":true}]}}