{"id":47012,"date":"2025-07-30T13:50:40","date_gmt":"2025-07-30T16:50:40","guid":{"rendered":"http:\/\/jornaldeitaipava.com.br\/?p=47012"},"modified":"2025-07-30T13:50:44","modified_gmt":"2025-07-30T16:50:44","slug":"governo-do-estado-abre-50-mil-vagas-para-ensino-medio-a-distancia","status":"publish","type":"post","link":"https:\/\/jornaldeitaipava.com.br\/index.php\/2025\/07\/30\/governo-do-estado-abre-50-mil-vagas-para-ensino-medio-a-distancia\/","title":{"rendered":"Governo do Estado abre 50 mil vagas para Ensino M\u00e9dio \u00e0 Dist\u00e2ncia"},"content":{"rendered":"\n<p>O Governo do Estado do Rio de Janeiro abre, nesta segunda-feira (28\/07), as matr\u00edculas para o Ensino M\u00e9dio na Rede CEJA \u2013 Centro de Educa\u00e7\u00e3o de Jovens e Adultos. O ensino \u00e9 oferecido no modelo semipresencial, permitindo que os alunos organizem seus estudos conforme sua rotina e disponibilidade, diferente do sistema tradicional de aulas fixas. Ao todo, est\u00e3o sendo ofertadas 50 mil vagas nas 59 unidades espalhadas por todo o estado do Rio. As escolas s\u00e3o administradas pela Funda\u00e7\u00e3o Cecierj, vinculada \u00e0 Secretaria de Estado de Ci\u00eancia, Tecnologia e Inova\u00e7\u00e3o.<br>Para facilitar o acesso \u00e0s plataformas de aprendizagem, os alunos da Rede CEJA t\u00eam direito a um chip gratuito de internet. A medida visa apoiar o processo de ensino e reduzir a evas\u00e3o escolar nos programas mantidos pela Funda\u00e7\u00e3o Cecierj, garantindo a todos uma conex\u00e3o de qualidade. O chip oferece tecnologia 3G\/4G ou superior, cobertura nacional, liga\u00e7\u00f5es locais e interurbanas ilimitadas, 30 SMS di\u00e1rios e um aplicativo personalizado compat\u00edvel com iOS e Android.<\/p>\n\n\n\n<p><strong>Ensino com acolhimento que resulta em sucesso<br><\/strong>Mais do que concluir o ensino m\u00e9dio, a Rede CEJA oferece ambiente acolhedor e o suporte cont\u00ednuo, fundamentais para quem enfrenta desafios como trabalho, fam\u00edlia ou dist\u00e2ncia dos estudos.<br>Com flexibilidade, suporte pedag\u00f3gico e acesso digital garantido, a rede transforma barreiras em pontes para o futuro. Foi o caso da Adriana de Sousa, de 22 anos, que concluiu os estudos na rede e foi aprovada para a gradua\u00e7\u00e3o em Pedagogia.<br>O processo de matr\u00edcula para as vagas EaD \u00e9 dividido em duas etapas. A primeira deve ser feita no site: <a href=\"https:\/\/sca.cecierj.edu.br\/scc\/prealuno\/preMatricula\/\" target=\"_blank\" rel=\"noreferrer noopener\">https:\/\/sca.cecierj.edu.br\/scc\/prealuno\/preMatricula\/<\/a>. Ap\u00f3s a pr\u00e9-matr\u00edcula online, o candidato deve comparecer \u00e0 escola escolhida levando os documentos exigidos para a confirma\u00e7\u00e3o da vaga. Para se inscrever no ensino m\u00e9dio, \u00e9 necess\u00e1rio ter no m\u00ednimo 18 anos. Mais informa\u00e7\u00f5es est\u00e3o dispon\u00edveis em: <a href=\"https:\/\/www.cecierj.edu.br\/rede-ceja\/faca-sua-matricula\/\" target=\"_blank\" rel=\"noreferrer noopener\">https:\/\/www.cecierj.edu.br\/rede-ceja\/faca-sua-matricula\/<\/a>.<\/p>\n","protected":false},"excerpt":{"rendered":"<p>O Governo do Estado do Rio de Janeiro abre, nesta segunda-feira (28\/07), as matr\u00edculas para<\/p>\n","protected":false},"author":1,"featured_media":38793,"comment_status":"closed","ping_status":"open","sticky":false,"template":"","format":"standard","meta":{"spay_email":"","footnotes":"","jetpack_publicize_message":""},"categories":[2],"tags":[],"jetpack_featured_media_url":"https:\/\/i1.wp.com\/jornaldeitaipava.com.br\/wp-content\/uploads\/2024\/03\/ESTUDANTE-NOTEBOOK.png?fit=901%2C519&ssl=1","jetpack_publicize_connections":[],"jetpack_sharing_enabled":true,"jetpack_likes_enabled":true,"jetpack-related-posts":[],"_links":{"self":[{"href":"https:\/\/jornaldeitaipava.com.br\/index.php\/wp-json\/wp\/v2\/posts\/47012"}],"collection":[{"href":"https:\/\/jornaldeitaipava.com.br\/index.php\/wp-json\/wp\/v2\/posts"}],"about":[{"href":"https:\/\/jornaldeitaipava.com.br\/index.php\/wp-json\/wp\/v2\/types\/post"}],"author":[{"embeddable":true,"href":"https:\/\/jornaldeitaipava.com.br\/index.php\/wp-json\/wp\/v2\/users\/1"}],"replies":[{"embeddable":true,"href":"https:\/\/jornaldeitaipava.com.br\/index.php\/wp-json\/wp\/v2\/comments?post=47012"}],"version-history":[{"count":1,"href":"https:\/\/jornaldeitaipava.com.br\/index.php\/wp-json\/wp\/v2\/posts\/47012\/revisions"}],"predecessor-version":[{"id":47013,"href":"https:\/\/jornaldeitaipava.com.br\/index.php\/wp-json\/wp\/v2\/posts\/47012\/revisions\/47013"}],"wp:featuredmedia":[{"embeddable":true,"href":"https:\/\/jornaldeitaipava.com.br\/index.php\/wp-json\/wp\/v2\/media\/38793"}],"wp:attachment":[{"href":"https:\/\/jornaldeitaipava.com.br\/index.php\/wp-json\/wp\/v2\/media?parent=47012"}],"wp:term":[{"taxonomy":"category","embeddable":true,"href":"https:\/\/jornaldeitaipava.com.br\/index.php\/wp-json\/wp\/v2\/categories?post=47012"},{"taxonomy":"post_tag","embeddable":true,"href":"https:\/\/jornaldeitaipava.com.br\/index.php\/wp-json\/wp\/v2\/tags?post=47012"}],"curies":[{"name":"wp","href":"https:\/\/api.w.org\/{rel}","templated":true}]}}