{"id":47017,"date":"2025-07-31T14:54:01","date_gmt":"2025-07-31T17:54:01","guid":{"rendered":"http:\/\/jornaldeitaipava.com.br\/?p=47017"},"modified":"2025-07-31T14:54:05","modified_gmt":"2025-07-31T17:54:05","slug":"abertas-as-inscricoes-para-cursos-do-etic-bingen","status":"publish","type":"post","link":"https:\/\/jornaldeitaipava.com.br\/index.php\/2025\/07\/31\/abertas-as-inscricoes-para-cursos-do-etic-bingen\/","title":{"rendered":"Abertas as inscri\u00e7\u00f5es para cursos do Etic Bingen"},"content":{"rendered":"\n<p class=\"has-text-align-center\"><strong>Ser\u00e3o turmas de inform\u00e1tica, manuten\u00e7\u00e3o de computadores e celulares, educa\u00e7\u00e3o financeira e escrita criativa<\/strong><\/p>\n\n\n\n<p>Est\u00e3o abertas as inscri\u00e7\u00f5es o Espa\u00e7o de Tecnologia e Inclus\u00e3o Comunit\u00e1ria (Etic) do Bingen. S\u00e3o 90 vagas para cursos de educa\u00e7\u00e3o financeira, manuten\u00e7\u00e3o de computadores e celulares, inform\u00e1tica e escrita criativa.<\/p>\n\n\n\n<p>As inscri\u00e7\u00f5es seguem at\u00e9 o dia seis de agosto e est\u00e3o abertas para qualquer pessoa a partir dos 12 anos. As aulas acontecem nos per\u00edodos da manh\u00e3 e tarde.<\/p>\n\n\n\n<p>\u201cPara construir uma cidade tecnol\u00f3gica, que olha para o futuro do mercado e das profiss\u00f5es, precisamos fomentar este mercado com jovens cada vez mais capacitados e preparados para lidar com os desafios e transforma\u00e7\u00f5es. Os Etics s\u00e3o uma oportunidade para preparar cada vez mais nossos alunos para este mercado de trabalho\u201d, afirmou o secret\u00e1rio de Desenvolvimento Econ\u00f4mico, Samir El Ghaoui.<\/p>\n\n\n\n<p>Para mais informa\u00e7\u00f5es e fazer as inscri\u00e7\u00f5es: Rua Bingen, n\u00ba 520, \u00e0s ter\u00e7as e quintas-feiras, das 9h \u00e0s 17h, ou todos os dias pelo Whatsapp (24) 98124-9767.<\/p>\n","protected":false},"excerpt":{"rendered":"<p>Ser\u00e3o turmas de inform\u00e1tica, manuten\u00e7\u00e3o de computadores e celulares, educa\u00e7\u00e3o financeira e escrita criativa Est\u00e3o<\/p>\n","protected":false},"author":1,"featured_media":47018,"comment_status":"closed","ping_status":"open","sticky":false,"template":"","format":"standard","meta":{"spay_email":"","footnotes":"","jetpack_publicize_message":""},"categories":[2],"tags":[],"jetpack_featured_media_url":"https:\/\/i1.wp.com\/jornaldeitaipava.com.br\/wp-content\/uploads\/2025\/07\/WhatsApp-Image-2025-07-30-at-17.00.44.jpeg?fit=1600%2C1200&ssl=1","jetpack_publicize_connections":[],"jetpack_sharing_enabled":true,"jetpack_likes_enabled":true,"jetpack-related-posts":[],"_links":{"self":[{"href":"https:\/\/jornaldeitaipava.com.br\/index.php\/wp-json\/wp\/v2\/posts\/47017"}],"collection":[{"href":"https:\/\/jornaldeitaipava.com.br\/index.php\/wp-json\/wp\/v2\/posts"}],"about":[{"href":"https:\/\/jornaldeitaipava.com.br\/index.php\/wp-json\/wp\/v2\/types\/post"}],"author":[{"embeddable":true,"href":"https:\/\/jornaldeitaipava.com.br\/index.php\/wp-json\/wp\/v2\/users\/1"}],"replies":[{"embeddable":true,"href":"https:\/\/jornaldeitaipava.com.br\/index.php\/wp-json\/wp\/v2\/comments?post=47017"}],"version-history":[{"count":1,"href":"https:\/\/jornaldeitaipava.com.br\/index.php\/wp-json\/wp\/v2\/posts\/47017\/revisions"}],"predecessor-version":[{"id":47019,"href":"https:\/\/jornaldeitaipava.com.br\/index.php\/wp-json\/wp\/v2\/posts\/47017\/revisions\/47019"}],"wp:featuredmedia":[{"embeddable":true,"href":"https:\/\/jornaldeitaipava.com.br\/index.php\/wp-json\/wp\/v2\/media\/47018"}],"wp:attachment":[{"href":"https:\/\/jornaldeitaipava.com.br\/index.php\/wp-json\/wp\/v2\/media?parent=47017"}],"wp:term":[{"taxonomy":"category","embeddable":true,"href":"https:\/\/jornaldeitaipava.com.br\/index.php\/wp-json\/wp\/v2\/categories?post=47017"},{"taxonomy":"post_tag","embeddable":true,"href":"https:\/\/jornaldeitaipava.com.br\/index.php\/wp-json\/wp\/v2\/tags?post=47017"}],"curies":[{"name":"wp","href":"https:\/\/api.w.org\/{rel}","templated":true}]}}