{"id":47020,"date":"2025-07-31T15:05:27","date_gmt":"2025-07-31T18:05:27","guid":{"rendered":"http:\/\/jornaldeitaipava.com.br\/?p=47020"},"modified":"2025-07-31T15:05:29","modified_gmt":"2025-07-31T18:05:29","slug":"alta-temporada-cerca-de-80-mil-turistas-hospedados-em-petropolis-entre-maio-e-julho-deste-ano","status":"publish","type":"post","link":"https:\/\/jornaldeitaipava.com.br\/index.php\/2025\/07\/31\/alta-temporada-cerca-de-80-mil-turistas-hospedados-em-petropolis-entre-maio-e-julho-deste-ano\/","title":{"rendered":"Alta temporada: cerca de 80 mil turistas hospedados em Petr\u00f3polis entre maio e julho deste ano"},"content":{"rendered":"\n<p>O per\u00edodo da alta temporada do turismo em Petr\u00f3polis termina este m\u00eas com um saldo positivo na quantidade de turistas e visitantes. Entre 1\u00ba de maio e 31 de julho, a rede hoteleira, por exemplo \u2013 composta por 6.600 leitos \u2013 registrou 79.357 turistas hospedados. Os n\u00fameros dos museus administrados pela Prefeitura tamb\u00e9m revelam que a cidade \u00e9 o destino preferido nesta \u00e9poca do ano. A Casa de Santos Dumont recebeu no per\u00edodo 47.389 visitantes e o Museu Casa do Colono, 5.580 pessoas.<\/p>\n\n\n\n<p>\u201cNossa cidade se consolida como destino de inverno. Al\u00e9m do clima mais frio os grandes eventos, como a Bauernfest, que atraiu meio milh\u00e3o de pessoas nos 17 dias de festa, tamb\u00e9m impulsionam o turismo na alta temporada. \u00c9 economia aquecida e gera\u00e7\u00e3o de oportunidades para toda a cidade\u201d, afirmou o prefeito Hingo Hammes.<\/p>\n\n\n\n<p>No turismo, distingue-se turista \u2014 quem dorme no destino e movimenta hot\u00e9is, alimenta\u00e7\u00e3o e servi\u00e7os locais \u2014 de visitante \u2014 quem chega para eventos ou atra\u00e7\u00f5es sem necessariamente pernoitar.<\/p>\n\n\n\n<p>No recorte internacional, o Observat\u00f3rio do Turismo Regional registrou 50 mil turistas estrangeiros em Petr\u00f3polis entre janeiro e maio. \u201cConsiderando a proximidade de menos de 70 km da capital, al\u00e9m da riqueza hist\u00f3rica, natureza exuberante, e da infraestrutura de acesso, Petr\u00f3polis tem todas as condi\u00e7\u00f5es de conquistar uma fatia maior desse mercado. Investir em parcerias com operadoras estrangeiras, roteiros tem\u00e1ticos e divulga\u00e7\u00e3o direcionada pode impulsionar o turismo internacional na cidade para os pr\u00f3ximos anos\u201d, destacou o secret\u00e1rio de Turismo, Pablo Kling.<\/p>\n\n\n\n<p>Outro dado importante s\u00e3o as hospedagens na plataforma Airbnb. Na cidade s\u00e3o mais de dois mil im\u00f3veis dispon\u00edveis. Durante a Bauernfest, segundo levantamento do Disque Turismo, menos de 400 estavam dispon\u00edveis. \u201cInvestir em turismo \u00e9 fortalecer toda a cadeia produtiva de Petr\u00f3polis, garantindo emprego, renda e visibilidade \u00e0 nossa cidade\u201d, concluiu o prefeito Hingo Hammes.<\/p>\n","protected":false},"excerpt":{"rendered":"<p>O per\u00edodo da alta temporada do turismo em Petr\u00f3polis termina este m\u00eas com um saldo<\/p>\n","protected":false},"author":1,"featured_media":47021,"comment_status":"closed","ping_status":"open","sticky":false,"template":"","format":"standard","meta":{"spay_email":"","footnotes":"","jetpack_publicize_message":""},"categories":[24],"tags":[],"jetpack_featured_media_url":"https:\/\/i0.wp.com\/jornaldeitaipava.com.br\/wp-content\/uploads\/2025\/07\/WhatsApp-Image-2025-07-31-at-12.20.54.jpeg?fit=1500%2C1000&ssl=1","jetpack_publicize_connections":[],"jetpack_sharing_enabled":true,"jetpack_likes_enabled":true,"jetpack-related-posts":[],"_links":{"self":[{"href":"https:\/\/jornaldeitaipava.com.br\/index.php\/wp-json\/wp\/v2\/posts\/47020"}],"collection":[{"href":"https:\/\/jornaldeitaipava.com.br\/index.php\/wp-json\/wp\/v2\/posts"}],"about":[{"href":"https:\/\/jornaldeitaipava.com.br\/index.php\/wp-json\/wp\/v2\/types\/post"}],"author":[{"embeddable":true,"href":"https:\/\/jornaldeitaipava.com.br\/index.php\/wp-json\/wp\/v2\/users\/1"}],"replies":[{"embeddable":true,"href":"https:\/\/jornaldeitaipava.com.br\/index.php\/wp-json\/wp\/v2\/comments?post=47020"}],"version-history":[{"count":1,"href":"https:\/\/jornaldeitaipava.com.br\/index.php\/wp-json\/wp\/v2\/posts\/47020\/revisions"}],"predecessor-version":[{"id":47022,"href":"https:\/\/jornaldeitaipava.com.br\/index.php\/wp-json\/wp\/v2\/posts\/47020\/revisions\/47022"}],"wp:featuredmedia":[{"embeddable":true,"href":"https:\/\/jornaldeitaipava.com.br\/index.php\/wp-json\/wp\/v2\/media\/47021"}],"wp:attachment":[{"href":"https:\/\/jornaldeitaipava.com.br\/index.php\/wp-json\/wp\/v2\/media?parent=47020"}],"wp:term":[{"taxonomy":"category","embeddable":true,"href":"https:\/\/jornaldeitaipava.com.br\/index.php\/wp-json\/wp\/v2\/categories?post=47020"},{"taxonomy":"post_tag","embeddable":true,"href":"https:\/\/jornaldeitaipava.com.br\/index.php\/wp-json\/wp\/v2\/tags?post=47020"}],"curies":[{"name":"wp","href":"https:\/\/api.w.org\/{rel}","templated":true}]}}