{"id":47024,"date":"2025-07-31T15:37:59","date_gmt":"2025-07-31T18:37:59","guid":{"rendered":"http:\/\/jornaldeitaipava.com.br\/?p=47024"},"modified":"2025-07-31T15:38:01","modified_gmt":"2025-07-31T18:38:01","slug":"projeto-social-pequena-tribo-ganha-sede-propria-no-vale-do-carangola-e-vai-atender-90-criancas-da-comunidade","status":"publish","type":"post","link":"https:\/\/jornaldeitaipava.com.br\/index.php\/2025\/07\/31\/projeto-social-pequena-tribo-ganha-sede-propria-no-vale-do-carangola-e-vai-atender-90-criancas-da-comunidade\/","title":{"rendered":"Projeto Social Pequena Tribo ganha sede pr\u00f3pria no Vale do Carangola e vai atender 90 crian\u00e7as da comunidade"},"content":{"rendered":"\n<p class=\"has-text-align-center\"><em><strong>Matr\u00edculas est\u00e3o abertas e aulas j\u00e1 come\u00e7am em agosto<\/strong><\/em><\/p>\n\n\n\n<p>O projeto social Pequena Tribo ter\u00e1 uma sede pr\u00f3pria em Petr\u00f3polis. A novidade marca uma nova fase da iniciativa, que, at\u00e9 ent\u00e3o, funcionava apenas com n\u00facleos dentro de escolas p\u00fablicas da cidade. Com o novo pr\u00e9dio, 90 crian\u00e7as do Vale do Carangola v\u00e3o poder se beneficiar das oficinas da Pequena Tribo, que possui uma metodologia inovadora de aulas extracurriculares. A cada semestre, as crian\u00e7as aprendem sobre o resgate de uma cultura ancestral, ao mesmo tempo em que desenvolvem habilidades socioemocionais por meio de viv\u00eancias l\u00fadicas e sensoriais. As matr\u00edculas j\u00e1 est\u00e3o abertas.<\/p>\n\n\n\n<p>O novo n\u00facleo do projeto est\u00e1 sendo instalado em um im\u00f3vel rec\u00e9m-adquirido pela organiza\u00e7\u00e3o Vishva Vidya, na Rua Waldemar Vieira Afonso, no Vale do Carangola, em Petr\u00f3polis. O pr\u00e9dio est\u00e1 em reforma e ser\u00e1 totalmente mobiliado para receber os alunos com seguran\u00e7a, conforto e cuidado. As aulas ter\u00e3o in\u00edcio j\u00e1 em agosto com turmas no contraturno escolar. Ser\u00e3o 90 vagas destinadas a crian\u00e7as de 6 a 10 anos matriculadas em escolas municipais pr\u00f3ximas \u00e0 regi\u00e3o: 60 no turno da manh\u00e3 e outras 30 para o per\u00edodo da tarde.<\/p>\n\n\n\n<p>Esse novo n\u00facleo se soma \u00e0s duas turmas do projeto educacional que j\u00e1 funcionam na Escola Paroquial S\u00e3o Francisco de Assis, no bairro Bela Vista, no Itamarati. Com isso, as crian\u00e7as do Vale do Carangola agora se unem a outros 70 meninos e meninas que j\u00e1 fazem parte da metodologia da Pequena Tribo em Petr\u00f3polis.<\/p>\n\n\n\n<p><br>\u201cEssa \u00e9 uma conquista muito importante. A sede pr\u00f3pria vai nos permitir ampliar o alcance do projeto e aprofundar ainda mais as experi\u00eancias com as crian\u00e7as. Estamos preparando um espa\u00e7o bonito, acolhedor e estruturado para que elas possam vivenciar tudo que a Pequena Tribo oferece com liberdade e seguran\u00e7a\u201d, afirma Rodrigo Ribas, coordenador do projeto.<br><br>As oficinas oferecidas seguem uma metodologia que une pr\u00e1ticas como respira\u00e7\u00e3o consciente, ritmo e movimento, viv\u00eancias sonoras com a conta\u00e7\u00e3o de hist\u00f3rias inspiradas na sabedoria ancestral de diferentes povos. O objetivo \u00e9, al\u00e9m de trazer o conhecimento de culturas origin\u00e1rias, desenvolver o autoconhecimento, a criatividade, a empatia e a intelig\u00eancia emocional desde a inf\u00e2ncia.<\/p>\n\n\n\n<p>&nbsp;<br>Para Jonas Masetti, idealizador do projeto e professor tradicional de Vedanta, essa expans\u00e3o tem um significado especial. \u201cA Organiza\u00e7\u00e3o Vishva Vidya tem um compromisso profundo com a comunidade local. Levar a Pequena Tribo para dentro de um bairro como o Vale do Carangola \u00e9 um passo importante no nosso prop\u00f3sito de transformar realidades por meio da educa\u00e7\u00e3o, da cultura ancestral e da reconex\u00e3o com valores essenciais para o ser humano\u201d, apontou.<br><br>Com a aquisi\u00e7\u00e3o da sede pr\u00f3pria, a Pequena Tribo amplia sua atua\u00e7\u00e3o e refor\u00e7a seu papel como projeto transformador dentro da educa\u00e7\u00e3o n\u00e3o formal em Petr\u00f3polis. Totalmente financiado pela Organiza\u00e7\u00e3o Vishva Vidya, o projeto oferece todas as atividades gratuitamente para as fam\u00edlias.<br><br>As inscri\u00e7\u00f5es para as turmas do n\u00facleo Vale do Carangola j\u00e1 est\u00e3o abertas e os respons\u00e1veis podem procurar a equipe do projeto na nova sede, que fica na Rua Waldemar Vieira Afonso, n\u00b019, no pr\u00e9dio amarelo do antigo CRAS. Para mais informa\u00e7\u00f5es, acesse tamb\u00e9m o Instagram @pequenatribo.<\/p>\n\n\n\n<p><strong>SERVI\u00c7O:<\/strong><\/p>\n\n\n\n<p>Matr\u00edculas abertas no Vale do Carangola para Pequena Tribo (contraturno escolar)<\/p>\n\n\n\n<p>90 vagas<\/p>\n\n\n\n<p>Endere\u00e7o: Rua Waldemar Vieira Afonso, n\u00b019 \u2013 Refer\u00eancia: pr\u00e9dio amarelo (antigo CRAS)<\/p>\n","protected":false},"excerpt":{"rendered":"<p>Matr\u00edculas est\u00e3o abertas e aulas j\u00e1 come\u00e7am em agosto O projeto social Pequena Tribo ter\u00e1<\/p>\n","protected":false},"author":1,"featured_media":47025,"comment_status":"closed","ping_status":"open","sticky":false,"template":"","format":"standard","meta":{"spay_email":"","footnotes":"","jetpack_publicize_message":""},"categories":[2],"tags":[],"jetpack_featured_media_url":"https:\/\/i1.wp.com\/jornaldeitaipava.com.br\/wp-content\/uploads\/2025\/07\/Nova-sede-Pequena-Tribo.jpg?fit=1520%2C1600&ssl=1","jetpack_publicize_connections":[],"jetpack_sharing_enabled":true,"jetpack_likes_enabled":true,"jetpack-related-posts":[],"_links":{"self":[{"href":"https:\/\/jornaldeitaipava.com.br\/index.php\/wp-json\/wp\/v2\/posts\/47024"}],"collection":[{"href":"https:\/\/jornaldeitaipava.com.br\/index.php\/wp-json\/wp\/v2\/posts"}],"about":[{"href":"https:\/\/jornaldeitaipava.com.br\/index.php\/wp-json\/wp\/v2\/types\/post"}],"author":[{"embeddable":true,"href":"https:\/\/jornaldeitaipava.com.br\/index.php\/wp-json\/wp\/v2\/users\/1"}],"replies":[{"embeddable":true,"href":"https:\/\/jornaldeitaipava.com.br\/index.php\/wp-json\/wp\/v2\/comments?post=47024"}],"version-history":[{"count":1,"href":"https:\/\/jornaldeitaipava.com.br\/index.php\/wp-json\/wp\/v2\/posts\/47024\/revisions"}],"predecessor-version":[{"id":47026,"href":"https:\/\/jornaldeitaipava.com.br\/index.php\/wp-json\/wp\/v2\/posts\/47024\/revisions\/47026"}],"wp:featuredmedia":[{"embeddable":true,"href":"https:\/\/jornaldeitaipava.com.br\/index.php\/wp-json\/wp\/v2\/media\/47025"}],"wp:attachment":[{"href":"https:\/\/jornaldeitaipava.com.br\/index.php\/wp-json\/wp\/v2\/media?parent=47024"}],"wp:term":[{"taxonomy":"category","embeddable":true,"href":"https:\/\/jornaldeitaipava.com.br\/index.php\/wp-json\/wp\/v2\/categories?post=47024"},{"taxonomy":"post_tag","embeddable":true,"href":"https:\/\/jornaldeitaipava.com.br\/index.php\/wp-json\/wp\/v2\/tags?post=47024"}],"curies":[{"name":"wp","href":"https:\/\/api.w.org\/{rel}","templated":true}]}}