{"id":47027,"date":"2025-07-31T15:47:58","date_gmt":"2025-07-31T18:47:58","guid":{"rendered":"http:\/\/jornaldeitaipava.com.br\/?p=47027"},"modified":"2025-07-31T15:48:00","modified_gmt":"2025-07-31T18:48:00","slug":"dia-da-cerveja-destaca-tradicao-petropolitana-e-aquece-expectativa-para-a-oktoberfest-petropolis","status":"publish","type":"post","link":"https:\/\/jornaldeitaipava.com.br\/index.php\/2025\/07\/31\/dia-da-cerveja-destaca-tradicao-petropolitana-e-aquece-expectativa-para-a-oktoberfest-petropolis\/","title":{"rendered":"Dia da Cerveja destaca tradi\u00e7\u00e3o petropolitana e aquece expectativa para a Oktoberfest Petr\u00f3polis"},"content":{"rendered":"\n<p class=\"has-text-align-center\"><em><strong>Reconhecida como Ber\u00e7o Imperial da Cerveja, cidade celebra sua liga\u00e7\u00e3o com a bebida e se prepara para mais uma edi\u00e7\u00e3o da Oktoberfest Petr\u00f3polis, em setembro<\/strong><\/em><\/p>\n\n\n\n<p>Celebrado nesta sexta-feira, 1\u00ba de agosto, o&nbsp;Dia Internacional da Cerveja&nbsp;refor\u00e7a o valor simb\u00f3lico, hist\u00f3rico e econ\u00f4mico de uma das bebidas mais consumidas no mundo. Em Petr\u00f3polis (RJ), a data ganha significado especial: reconhecida oficialmente como&nbsp;Capital Estadual da Cerveja Artesanal&nbsp;e, mais recentemente, como&nbsp;Ber\u00e7o Imperial da Cerveja, a cidade possui uma longa tradi\u00e7\u00e3o na produ\u00e7\u00e3o da bebida e tem se consolidado como refer\u00eancia nacional em turismo cervejeiro. A celebra\u00e7\u00e3o tamb\u00e9m serve como aquecimento para a pr\u00f3xima edi\u00e7\u00e3o da&nbsp;Oktoberfest Petr\u00f3polis, marcada para os fins de semana de&nbsp;5 a 7 e 12 a 14 de setembro, em Itaipava.<\/p>\n\n\n\n<p>Criado em 2007, na Calif\u00f3rnia (EUA), o Dia Internacional da Cerveja \u00e9 celebrado em dezenas de pa\u00edses e convida o p\u00fablico a brindar com amigos, homenagear mestres cervejeiros e valorizar a diversidade cultural por meio da bebida. No Brasil, a data ganha for\u00e7a em destinos que mant\u00eam forte v\u00ednculo com a produ\u00e7\u00e3o local, como \u00e9 o caso de Petr\u00f3polis, que abriga a primeira cervejaria do pa\u00eds, fundada em 1853, e hoje concentra mais de&nbsp;20 cervejarias&nbsp;em opera\u00e7\u00e3o, incluindo f\u00e1bricas artesanais, bares tem\u00e1ticos e rotas tur\u00edsticas.<\/p>\n\n\n\n<p>De acordo com a Associa\u00e7\u00e3o de Microcervejarias da cidade, esse ecossistema fomenta uma cadeia que envolve desde a agricultura at\u00e9 o turismo, promovendo empregos, consumo local e novas experi\u00eancias para moradores e visitantes. O chamado&nbsp;turismo cervejeiro&nbsp;cresce a cada ano e inclui roteiros guiados, visitas a f\u00e1bricas, degusta\u00e7\u00f5es e eventos tem\u00e1ticos. Em 2024, a cidade foi oficialmente reconhecida como&nbsp;Ber\u00e7o Imperial da Cerveja, consolidando sua imagem no setor.<\/p>\n\n\n\n<p>Al\u00e9m da produ\u00e7\u00e3o, a cultura cervejeira tamb\u00e9m se manifesta nos eventos que celebram as origens germ\u00e2nicas da regi\u00e3o. Ap\u00f3s o encerramento da Bauernfest, em julho, os olhos se voltam para a&nbsp;Oktoberfest Petr\u00f3polis, que neste ano chega \u00e0 sua sexta edi\u00e7\u00e3o. Realizada no Parque Municipal Prefeito Paulo Rattes, em Itaipava, a festa contar\u00e1 com entrada gratuita, cenografia inspirada nos vilarejos b\u00e1varos, apresenta\u00e7\u00f5es musicais, gastronomia t\u00edpica, \u00e1rea kids, duelos medievais, espa\u00e7os instagram\u00e1veis e, claro, uma grande variedade de r\u00f3tulos artesanais produzidos na cidade.<\/p>\n\n\n\n<p>Na edi\u00e7\u00e3o de 2024, a Oktoberfest petropolitana recebeu&nbsp;mais de 77 mil visitantes&nbsp;em seis dias de programa\u00e7\u00e3o. A expectativa dos organizadores \u00e9 criar um ambiente familiar refor\u00e7ando a voca\u00e7\u00e3o cervejaria da cidade. \u201cA festa cresce a cada ano e se tornou um ponto alto do nosso calend\u00e1rio tur\u00edstico. O Dia da Cerveja \u00e9 uma oportunidade de celebrar essa identidade e de convidar todos para vivenciar o que estamos preparando para setembro\u201d, afirma o organizador Antonio Nassif.<\/p>\n\n\n\n<p>Com foco na experi\u00eancia do p\u00fablico, o evento est\u00e1 consolidado como s\u00edmbolo da cultura local, movimentando setores como hospedagem, gastronomia e transporte. A programa\u00e7\u00e3o completa ser\u00e1 divulgada em breve nas redes oficiais da Oktoberfest Petr\u00f3polis.&nbsp;<\/p>\n\n\n\n<p><strong>Servi\u00e7o<br><\/strong>Oktoberfest Petr\u00f3polis 2025<br>Parque Municipal Prefeito Paulo Rattes, em Itaipava<br>5 a 7 e 12 a 14 de setembro<br>Sextas: 16h \u00e0 meia-noite | S\u00e1bados e domingos: 11h \u00e0 meia-noite<br>Entrada gratuita<\/p>\n","protected":false},"excerpt":{"rendered":"<p>Reconhecida como Ber\u00e7o Imperial da Cerveja, cidade celebra sua liga\u00e7\u00e3o com a bebida e se<\/p>\n","protected":false},"author":1,"featured_media":47028,"comment_status":"closed","ping_status":"open","sticky":false,"template":"","format":"standard","meta":{"spay_email":"","footnotes":"","jetpack_publicize_message":""},"categories":[42],"tags":[],"jetpack_featured_media_url":"https:\/\/i0.wp.com\/jornaldeitaipava.com.br\/wp-content\/uploads\/2025\/07\/Foto-Iza-Amorim-scaled.jpg?fit=2560%2C2043&ssl=1","jetpack_publicize_connections":[],"jetpack_sharing_enabled":true,"jetpack_likes_enabled":true,"jetpack-related-posts":[],"_links":{"self":[{"href":"https:\/\/jornaldeitaipava.com.br\/index.php\/wp-json\/wp\/v2\/posts\/47027"}],"collection":[{"href":"https:\/\/jornaldeitaipava.com.br\/index.php\/wp-json\/wp\/v2\/posts"}],"about":[{"href":"https:\/\/jornaldeitaipava.com.br\/index.php\/wp-json\/wp\/v2\/types\/post"}],"author":[{"embeddable":true,"href":"https:\/\/jornaldeitaipava.com.br\/index.php\/wp-json\/wp\/v2\/users\/1"}],"replies":[{"embeddable":true,"href":"https:\/\/jornaldeitaipava.com.br\/index.php\/wp-json\/wp\/v2\/comments?post=47027"}],"version-history":[{"count":1,"href":"https:\/\/jornaldeitaipava.com.br\/index.php\/wp-json\/wp\/v2\/posts\/47027\/revisions"}],"predecessor-version":[{"id":47029,"href":"https:\/\/jornaldeitaipava.com.br\/index.php\/wp-json\/wp\/v2\/posts\/47027\/revisions\/47029"}],"wp:featuredmedia":[{"embeddable":true,"href":"https:\/\/jornaldeitaipava.com.br\/index.php\/wp-json\/wp\/v2\/media\/47028"}],"wp:attachment":[{"href":"https:\/\/jornaldeitaipava.com.br\/index.php\/wp-json\/wp\/v2\/media?parent=47027"}],"wp:term":[{"taxonomy":"category","embeddable":true,"href":"https:\/\/jornaldeitaipava.com.br\/index.php\/wp-json\/wp\/v2\/categories?post=47027"},{"taxonomy":"post_tag","embeddable":true,"href":"https:\/\/jornaldeitaipava.com.br\/index.php\/wp-json\/wp\/v2\/tags?post=47027"}],"curies":[{"name":"wp","href":"https:\/\/api.w.org\/{rel}","templated":true}]}}