{"id":47031,"date":"2025-08-01T12:33:40","date_gmt":"2025-08-01T15:33:40","guid":{"rendered":"http:\/\/jornaldeitaipava.com.br\/?p=47031"},"modified":"2025-08-01T12:33:43","modified_gmt":"2025-08-01T15:33:43","slug":"municipio-conclui-revitalizacao-da-iluminacao-dos-terminais-de-onibus","status":"publish","type":"post","link":"https:\/\/jornaldeitaipava.com.br\/index.php\/2025\/08\/01\/municipio-conclui-revitalizacao-da-iluminacao-dos-terminais-de-onibus\/","title":{"rendered":"Munic\u00edpio conclui revitaliza\u00e7\u00e3o da ilumina\u00e7\u00e3o dos terminais de \u00f4nibus"},"content":{"rendered":"\n<p class=\"has-text-align-center\"><strong>Terminal Itaipava recebeu o servi\u00e7o nesta quarta-feira (30\/07); antes, trabalho j\u00e1 havia sido realizado em Corr\u00eaas e no Centro<\/strong><\/p>\n\n\n\n<p>A Prefeitura concluiu a revitaliza\u00e7\u00e3o da ilumina\u00e7\u00e3o dos terminais de \u00f4nibus da cidade. Depois do servi\u00e7o realizado em Corr\u00eaas e no Centro, foi a vez do Terminal Itaipava receber melhorias. O trabalho foi realizado nessa quarta-feira (30\/07) e beneficia cerca de 12 mil passageiros que frequentam o espa\u00e7o diariamente, al\u00e9m dos funcion\u00e1rios que trabalham no local.<\/p>\n\n\n\n<p>O Terminal Itaipava \u00e9 rota de mais de 450 viagens feitas todos os dias por 21 linhas de \u00f4nibus. No local, foram instalados 17 refletores de LED com pot\u00eancia de 300w e mais cinco lumin\u00e1rias de LED de 150w na \u00e1rea de circula\u00e7\u00e3o dos coletivos e tamb\u00e9m houve manuten\u00e7\u00e3o de lumin\u00e1rias que ficam parte interna, usada pelos pedestres.<\/p>\n\n\n\n<p>&#8220;Nosso trabalho \u00e9 para cuidar da popula\u00e7\u00e3o. Esse servi\u00e7o vai dar mais seguran\u00e7a e conforto tanto para os motoristas e demais trabalhadores que atuam no Terminal, quanto para os passageiros, na ida para o trabalho e escola nas primeiras horas da manh\u00e3 e na volta para casa \u00e0 noite&#8221;, ressaltou o prefeito Hingo Hammes.<\/p>\n\n\n\n<p>Esse trabalho teve in\u00edcio pelo Terminal Corr\u00eaas, quando foram instalados 60 refletores com pot\u00eancias entre 200w e 300w, posicionados para iluminar a \u00e1rea onde ficam os passageiros, as baias e a faixa de circula\u00e7\u00e3o dos \u00f4nibus que atendem os bairros.<\/p>\n\n\n\n<p>Em seguida, o servi\u00e7o tamb\u00e9m foi realizado no Terminal Centro, onde 70 lumin\u00e1rias de 50w foram substitu\u00eddas por refletores de 200w, tanto a parte interna, onde \u00e9 feito o embarque\/desembarque do maior n\u00famero de linhas de \u00f4nibus e h\u00e1 maior circula\u00e7\u00e3o de passageiros, quanto cal\u00e7ada na Rua Dr. Porci\u00fancula que \u00e9 utilizada pelos coletivos.<\/p>\n\n\n\n<p>O servi\u00e7o no terminais foi realizado pelo Departamento de Ilumina\u00e7\u00e3o P\u00fablica, que \u00e9 vinculado \u00e0 Secretaria de Servi\u00e7os, Seguran\u00e7a e Ordem P\u00fablica (SSSOP).<\/p>\n\n\n\n<p>&#8220;As novas lumin\u00e1rias e refletores instalados nos tr\u00eas terminais v\u00e3o iluminar trechos que ainda eram escuros, principalmente nas pistas em Corr\u00eaas e Itaipava, aumentar a luminosidade onde circulam os passageiros&#8221;, disse o secret\u00e1rio de Servi\u00e7os, Seguran\u00e7a e Ordem P\u00fablica, Marcelo Chit\u00e3o.<\/p>\n","protected":false},"excerpt":{"rendered":"<p>Terminal Itaipava recebeu o servi\u00e7o nesta quarta-feira (30\/07); antes, trabalho j\u00e1 havia sido realizado em<\/p>\n","protected":false},"author":1,"featured_media":47032,"comment_status":"closed","ping_status":"open","sticky":false,"template":"","format":"standard","meta":{"spay_email":"","footnotes":"","jetpack_publicize_message":""},"categories":[2],"tags":[],"jetpack_featured_media_url":"https:\/\/i2.wp.com\/jornaldeitaipava.com.br\/wp-content\/uploads\/2025\/08\/WhatsApp-Image-2025-07-31-at-17.21.41-e1754062403733.jpeg?fit=1920%2C1160&ssl=1","jetpack_publicize_connections":[],"jetpack_sharing_enabled":true,"jetpack_likes_enabled":true,"jetpack-related-posts":[],"_links":{"self":[{"href":"https:\/\/jornaldeitaipava.com.br\/index.php\/wp-json\/wp\/v2\/posts\/47031"}],"collection":[{"href":"https:\/\/jornaldeitaipava.com.br\/index.php\/wp-json\/wp\/v2\/posts"}],"about":[{"href":"https:\/\/jornaldeitaipava.com.br\/index.php\/wp-json\/wp\/v2\/types\/post"}],"author":[{"embeddable":true,"href":"https:\/\/jornaldeitaipava.com.br\/index.php\/wp-json\/wp\/v2\/users\/1"}],"replies":[{"embeddable":true,"href":"https:\/\/jornaldeitaipava.com.br\/index.php\/wp-json\/wp\/v2\/comments?post=47031"}],"version-history":[{"count":1,"href":"https:\/\/jornaldeitaipava.com.br\/index.php\/wp-json\/wp\/v2\/posts\/47031\/revisions"}],"predecessor-version":[{"id":47033,"href":"https:\/\/jornaldeitaipava.com.br\/index.php\/wp-json\/wp\/v2\/posts\/47031\/revisions\/47033"}],"wp:featuredmedia":[{"embeddable":true,"href":"https:\/\/jornaldeitaipava.com.br\/index.php\/wp-json\/wp\/v2\/media\/47032"}],"wp:attachment":[{"href":"https:\/\/jornaldeitaipava.com.br\/index.php\/wp-json\/wp\/v2\/media?parent=47031"}],"wp:term":[{"taxonomy":"category","embeddable":true,"href":"https:\/\/jornaldeitaipava.com.br\/index.php\/wp-json\/wp\/v2\/categories?post=47031"},{"taxonomy":"post_tag","embeddable":true,"href":"https:\/\/jornaldeitaipava.com.br\/index.php\/wp-json\/wp\/v2\/tags?post=47031"}],"curies":[{"name":"wp","href":"https:\/\/api.w.org\/{rel}","templated":true}]}}