{"id":47034,"date":"2025-08-01T12:36:33","date_gmt":"2025-08-01T15:36:33","guid":{"rendered":"http:\/\/jornaldeitaipava.com.br\/?p=47034"},"modified":"2025-08-01T12:36:35","modified_gmt":"2025-08-01T15:36:35","slug":"confira-as-interdicoes-de-transito-neste-fim-de-semana","status":"publish","type":"post","link":"https:\/\/jornaldeitaipava.com.br\/index.php\/2025\/08\/01\/confira-as-interdicoes-de-transito-neste-fim-de-semana\/","title":{"rendered":"Confira as interdi\u00e7\u00f5es de tr\u00e2nsito neste fim de semana"},"content":{"rendered":"\n<p class=\"has-text-align-center\"><strong>Festival do Chocolate e a Meia Maratona de Petr\u00f3polis trazem mudan\u00e7as no tr\u00e2nsito<\/strong><\/p>\n\n\n\n<p>A Rua Alfredo Pach\u00e1 ficar\u00e1 interditada ao tr\u00e2nsito de ve\u00edculos a partir desta sexta-feira (01\/08) para a realiza\u00e7\u00e3o do Festival do Chocolate, entre 11h e 00h.<\/p>\n\n\n\n<p>Por causa do fechamento da Rua Alfredo Pach\u00e1, a Padre Siqueira, aos fundos do Pal\u00e1cio de Cristal, ter\u00e1 o tr\u00e2nsito invertido, passando a funcionar no sentido Piabanha &#8211; Roberto da Silveira.<\/p>\n\n\n\n<p>Outras mudan\u00e7as tamb\u00e9m ocorrem para o embarque, desembarque e estacionamento para os \u00f4nibus de turismo. A Rua Montecaseros servir\u00e1 (do trecho da Locatelli at\u00e9 o Gheren) como local de estacionamento de \u00f4nibus de turismo. O mesmo acontece na Rua Bingen, a partir do Senai. O embarque e desembarque acontece em tr\u00eas pontos: na Pra\u00e7a 14-Bis, na Rua Roberto da Silveira e na Avenida Tiradentes.<\/p>\n\n\n\n<p><strong>Meia Maratona de Petr\u00f3polis<\/strong><\/p>\n\n\n\n<p>No domingo (03\/08), entre 5h e 13h, acontece a Meia Maratona de Petr\u00f3polis. Durante o trajeto haver\u00e1 interdi\u00e7\u00f5es no tr\u00e2nsito.<\/p>\n\n\n\n<p>A concentra\u00e7\u00e3o e a largada \u00e9 na Avenida Joaquim Rolla, no Quitandinha. Confira o trajeto: Rua General Rondon (lado impar), Rua Coronel Veiga (lado \u00edmpar), Rua Washington Luiz (lado \u00edmpar), Rua Dr. Nelson de S\u00e1 Earp, Pra\u00e7a da Liberdade, Avenida Roberto Silveira (lado par), Rua Padre Siqueira, Avenida Bar\u00e3o do Rio Branco (lado par), Rua Dr. Hermogenio Silva (lado par) e Estrada Uni\u00e3o e Ind\u00fastria.<\/p>\n","protected":false},"excerpt":{"rendered":"<p>Festival do Chocolate e a Meia Maratona de Petr\u00f3polis trazem mudan\u00e7as no tr\u00e2nsito A Rua<\/p>\n","protected":false},"author":1,"featured_media":31448,"comment_status":"closed","ping_status":"open","sticky":false,"template":"","format":"standard","meta":{"spay_email":"","footnotes":"","jetpack_publicize_message":""},"categories":[2],"tags":[],"jetpack_featured_media_url":"https:\/\/i0.wp.com\/jornaldeitaipava.com.br\/wp-content\/uploads\/2022\/10\/centro-cidade.png?fit=934%2C595&ssl=1","jetpack_publicize_connections":[],"jetpack_sharing_enabled":true,"jetpack_likes_enabled":true,"jetpack-related-posts":[],"_links":{"self":[{"href":"https:\/\/jornaldeitaipava.com.br\/index.php\/wp-json\/wp\/v2\/posts\/47034"}],"collection":[{"href":"https:\/\/jornaldeitaipava.com.br\/index.php\/wp-json\/wp\/v2\/posts"}],"about":[{"href":"https:\/\/jornaldeitaipava.com.br\/index.php\/wp-json\/wp\/v2\/types\/post"}],"author":[{"embeddable":true,"href":"https:\/\/jornaldeitaipava.com.br\/index.php\/wp-json\/wp\/v2\/users\/1"}],"replies":[{"embeddable":true,"href":"https:\/\/jornaldeitaipava.com.br\/index.php\/wp-json\/wp\/v2\/comments?post=47034"}],"version-history":[{"count":1,"href":"https:\/\/jornaldeitaipava.com.br\/index.php\/wp-json\/wp\/v2\/posts\/47034\/revisions"}],"predecessor-version":[{"id":47035,"href":"https:\/\/jornaldeitaipava.com.br\/index.php\/wp-json\/wp\/v2\/posts\/47034\/revisions\/47035"}],"wp:featuredmedia":[{"embeddable":true,"href":"https:\/\/jornaldeitaipava.com.br\/index.php\/wp-json\/wp\/v2\/media\/31448"}],"wp:attachment":[{"href":"https:\/\/jornaldeitaipava.com.br\/index.php\/wp-json\/wp\/v2\/media?parent=47034"}],"wp:term":[{"taxonomy":"category","embeddable":true,"href":"https:\/\/jornaldeitaipava.com.br\/index.php\/wp-json\/wp\/v2\/categories?post=47034"},{"taxonomy":"post_tag","embeddable":true,"href":"https:\/\/jornaldeitaipava.com.br\/index.php\/wp-json\/wp\/v2\/tags?post=47034"}],"curies":[{"name":"wp","href":"https:\/\/api.w.org\/{rel}","templated":true}]}}