{"id":47039,"date":"2025-08-01T12:48:58","date_gmt":"2025-08-01T15:48:58","guid":{"rendered":"http:\/\/jornaldeitaipava.com.br\/?p=47039"},"modified":"2025-08-01T12:48:59","modified_gmt":"2025-08-01T15:48:59","slug":"governo-do-estado-da-primeiro-passo-para-instalacao-de-polo-tecnologico-na-br-040-uma-das-metas-do-movimento-petropolis-2030","status":"publish","type":"post","link":"https:\/\/jornaldeitaipava.com.br\/index.php\/2025\/08\/01\/governo-do-estado-da-primeiro-passo-para-instalacao-de-polo-tecnologico-na-br-040-uma-das-metas-do-movimento-petropolis-2030\/","title":{"rendered":"Governo do Estado d\u00e1 primeiro passo para instala\u00e7\u00e3o de polo tecnol\u00f3gico na BR-040, uma das metas do movimento Petr\u00f3polis 2030"},"content":{"rendered":"\n<p>A instala\u00e7\u00e3o de um polo de inova\u00e7\u00e3o tecnol\u00f3gica no pr\u00e9dio do antigo Alpha Caf\u00e9 Sol\u00favel, \u00e0s margens da BR-040, acaba de dar um passo decisivo: o governador Cl\u00e1udio Castro baixou decreto tornando de utilidade p\u00fablica para fins de desapropria\u00e7\u00e3o, a \u00e1rea onde funcionava a antiga ind\u00fastria. O im\u00f3vel abrigar\u00e1 um novo polo de tecnologia e inova\u00e7\u00e3o, estruturado para fomentar o desenvolvimento econ\u00f4mico de Petr\u00f3polis e da Regi\u00e3o Serrana. A iniciativa est\u00e1 alinhada com uma das principais pautas do Movimento Empresarial Petr\u00f3polis 2030, que re\u00fane 30 entidades da sociedade civil e empresarial em torno de 20 propostas estrat\u00e9gicas para o munic\u00edpio at\u00e9 o final da d\u00e9cada.<\/p>\n\n\n\n<p>Liderado pela Secretaria de Estado de Desenvolvimento Econ\u00f4mico, o projeto tem \u00e0 frente o superintendente de Inova\u00e7\u00e3o, Maur\u00edcio Guedes, e envolver\u00e1 diferentes pastas do governo estadual, como as Secretarias de Educa\u00e7\u00e3o, Ci\u00eancia e Tecnologia, al\u00e9m da prefeitura de Petr\u00f3polis e do pr\u00f3prio Movimento Petr\u00f3polis 2030. Maur\u00edcio Guedes anunciou ao Movimento que a cria\u00e7\u00e3o de um grupo de trabalho com representantes desses setores j\u00e1 come\u00e7ou a ser articulado para definir e acompanhar as etapas de implementa\u00e7\u00e3o do polo.<\/p>\n\n\n\n<p>O alinhamento estrat\u00e9gico do Movimento com o governo do Estado, especificamente para o projeto iniciou em novembro, quando Petr\u00f3polis recebeu superintendentes da Secretaria de Desenvolvimento Econ\u00f4mico para delinear a\u00e7\u00f5es. As articula\u00e7\u00f5es avan\u00e7aram este ano, em fevereiro,&nbsp;&nbsp;com Maur\u00edcio Guedes anunciando avan\u00e7os para o projeto sair do papel.<\/p>\n\n\n\n<p>Para o presidente da C\u00e2mara de Dirigentes Lojistas (CDL) de Petr\u00f3polis e coordenador do movimento Petr\u00f3polis 2030, Claudio Mohammad, a iniciativa \u00e9 hist\u00f3rica. \u201cA desapropria\u00e7\u00e3o do pr\u00e9dio e o in\u00edcio desse projeto simbolizam mais do que um avan\u00e7o f\u00edsico. Trata-se da concretiza\u00e7\u00e3o de uma vis\u00e3o que o setor produtivo da cidade j\u00e1 defende h\u00e1 anos: colocar Petr\u00f3polis no mapa dos grandes centros de inova\u00e7\u00e3o do Brasil. Esse polo ser\u00e1 um catalisador de talentos, startups e investimentos. Vai transformar a economia local com gera\u00e7\u00e3o de empregos de alto valor agregado e atrair novos neg\u00f3cios para a regi\u00e3o.\u201d<\/p>\n\n\n\n<p>Diferente de polos restritos ao setor de tecnologia da informa\u00e7\u00e3o, o projeto proposto pelo Estado abrigar\u00e1 um ecossistema multidisciplinar. A ideia \u00e9 oferecer infraestrutura para centros de pesquisa, empresas inovadoras, startups, espa\u00e7os de conviv\u00eancia e eventos, al\u00e9m de um ambiente voltado \u00e0 forma\u00e7\u00e3o e qualifica\u00e7\u00e3o profissional.<\/p>\n\n\n\n<p>Desde os anos 1990, Petr\u00f3polis \u00e9 apontada como territ\u00f3rio com voca\u00e7\u00e3o para a tecnologia. Estudos t\u00e9cnicos \u00e0 \u00e9poca idealizaram a cidade como \u201cPetr\u00f3polis Tecn\u00f3polis\u201d e resultaram, anos depois, na consolida\u00e7\u00e3o do Serratec \u2014 um dos principais polos tecnol\u00f3gicos do estado, que hoje re\u00fane mais de 400 empresas, movimenta R$ 1,1 bilh\u00e3o por ano e gera cerca de 5 mil empregos na Regi\u00e3o Serrana.<\/p>\n\n\n\n<p>O novo polo \u00e0s margens da BR-040 amplia esse legado, aproveitando a localiza\u00e7\u00e3o estrat\u00e9gica e o simbolismo da \u00e1rea industrial para inaugurar uma nova fase de inova\u00e7\u00e3o e moderniza\u00e7\u00e3o da economia petropolitana. \u201cPetr\u00f3polis tem tradi\u00e7\u00e3o, tem base instalada, tem capital humano qualificado. Faltava esse impulso do poder p\u00fablico \u2014 e agora ele veio com o entendimento do governador Cl\u00e1udio Castro em alavancar a economia da cidade abra\u00e7ando essa iniciativa e a expertise da Secretaria, com a titular Fernanda Curdi e toda a equipe, empenhados no projeto. O Petr\u00f3polis 2030 segue vigilante e propositivo, para que esse projeto aconte\u00e7a de forma sustent\u00e1vel e realmente impacte nossa cidade\u201d, afirma Claudio Mohammad.<\/p>\n","protected":false},"excerpt":{"rendered":"<p>A instala\u00e7\u00e3o de um polo de inova\u00e7\u00e3o tecnol\u00f3gica no pr\u00e9dio do antigo Alpha Caf\u00e9 Sol\u00favel,<\/p>\n","protected":false},"author":1,"featured_media":47040,"comment_status":"closed","ping_status":"open","sticky":false,"template":"","format":"standard","meta":{"spay_email":"","footnotes":"","jetpack_publicize_message":""},"categories":[24],"tags":[],"jetpack_featured_media_url":"https:\/\/i0.wp.com\/jornaldeitaipava.com.br\/wp-content\/uploads\/2025\/08\/Antigo-predio-Alpha-Cafe-Soluvel-1-Foto-Serra-Drone.png?fit=720%2C408&ssl=1","jetpack_publicize_connections":[],"jetpack_sharing_enabled":true,"jetpack_likes_enabled":true,"jetpack-related-posts":[],"_links":{"self":[{"href":"https:\/\/jornaldeitaipava.com.br\/index.php\/wp-json\/wp\/v2\/posts\/47039"}],"collection":[{"href":"https:\/\/jornaldeitaipava.com.br\/index.php\/wp-json\/wp\/v2\/posts"}],"about":[{"href":"https:\/\/jornaldeitaipava.com.br\/index.php\/wp-json\/wp\/v2\/types\/post"}],"author":[{"embeddable":true,"href":"https:\/\/jornaldeitaipava.com.br\/index.php\/wp-json\/wp\/v2\/users\/1"}],"replies":[{"embeddable":true,"href":"https:\/\/jornaldeitaipava.com.br\/index.php\/wp-json\/wp\/v2\/comments?post=47039"}],"version-history":[{"count":1,"href":"https:\/\/jornaldeitaipava.com.br\/index.php\/wp-json\/wp\/v2\/posts\/47039\/revisions"}],"predecessor-version":[{"id":47041,"href":"https:\/\/jornaldeitaipava.com.br\/index.php\/wp-json\/wp\/v2\/posts\/47039\/revisions\/47041"}],"wp:featuredmedia":[{"embeddable":true,"href":"https:\/\/jornaldeitaipava.com.br\/index.php\/wp-json\/wp\/v2\/media\/47040"}],"wp:attachment":[{"href":"https:\/\/jornaldeitaipava.com.br\/index.php\/wp-json\/wp\/v2\/media?parent=47039"}],"wp:term":[{"taxonomy":"category","embeddable":true,"href":"https:\/\/jornaldeitaipava.com.br\/index.php\/wp-json\/wp\/v2\/categories?post=47039"},{"taxonomy":"post_tag","embeddable":true,"href":"https:\/\/jornaldeitaipava.com.br\/index.php\/wp-json\/wp\/v2\/tags?post=47039"}],"curies":[{"name":"wp","href":"https:\/\/api.w.org\/{rel}","templated":true}]}}