{"id":47042,"date":"2025-08-01T12:51:16","date_gmt":"2025-08-01T15:51:16","guid":{"rendered":"http:\/\/jornaldeitaipava.com.br\/?p=47042"},"modified":"2025-08-01T12:51:17","modified_gmt":"2025-08-01T15:51:17","slug":"oficina-sensorial-promove-inclusao-antes-de-cada-sessao-do-musical-dom-cacau-no-festival-do-chocolate-de-petropolis","status":"publish","type":"post","link":"https:\/\/jornaldeitaipava.com.br\/index.php\/2025\/08\/01\/oficina-sensorial-promove-inclusao-antes-de-cada-sessao-do-musical-dom-cacau-no-festival-do-chocolate-de-petropolis\/","title":{"rendered":"Oficina sensorial promove inclus\u00e3o antes de cada sess\u00e3o do musical Dom Cacau no Festival do Chocolate de Petr\u00f3polis"},"content":{"rendered":"\n<p class=\"has-text-align-center\"><strong>Experi\u00eancia t\u00e1til \u00e9 realizada 15 minutos antes das sess\u00f5es, ampliando o acesso ao espet\u00e1culo, que tamb\u00e9m conta com int\u00e9rprete em libras. Evento acontece no Pal\u00e1cio de Cristal, com entrada gratuita\u00a0<\/strong><\/p>\n\n\n\n<p>A segunda edi\u00e7\u00e3o do Festival do Chocolate de Petr\u00f3polis conta com uma a\u00e7\u00e3o voltada \u00e0 inclus\u00e3o e acessibilidade do p\u00fablico. Quinze minutos antes de cada sess\u00e3o do espet\u00e1culo \u201cMundo do Chocolate: Dom Cacau ao encontro da Magia\u201d, \u00e9 realizada uma oficina sensorial. A proposta \u00e9 de que o p\u00fablico, especialmente pessoas com defici\u00eancia visual, possa interagir com os figurinos, conhecer os personagens e tocar os elementos c\u00eanicos do espet\u00e1culo, estabelecendo uma conex\u00e3o direta com a experi\u00eancia art\u00edstica. O espet\u00e1culo tamb\u00e9m conta com int\u00e9rprete em Libras, ampliando o acesso \u00e0s pessoas com defici\u00eancia auditiva.<\/p>\n\n\n\n<p>A pr\u00f3xima apresenta\u00e7\u00e3o ser\u00e1 no s\u00e1bado (2 de agosto), \u00e0s 16h e \u00e0s 19h30, e domingo (3 de agosto), \u00e0s 15h e \u00e0s 18h30, no Pal\u00e1cio de Cristal. Em seguida, Dom Cacau e os bailarinos circular\u00e3o pelo evento, posando para fotos com os visitantes.&nbsp;<\/p>\n\n\n\n<p>Com dire\u00e7\u00e3o art\u00edstica e coreografia de Daniela Aubaut, o musical conta com oito bailarinos caracterizados como seres m\u00e1gicos, que dividem o palco com Dom Cacau, personagem criado especialmente para o festival e que representa a tradi\u00e7\u00e3o do chocolate na cidade.<\/p>\n\n\n\n<p>Daniela conta que a ideia de ter acessibilidade para pessoas com defici\u00eancia surgiu na edi\u00e7\u00e3o do evento no ano passado, quando receberam uma crian\u00e7a com defici\u00eancia visual. \u201cA av\u00f3 pediu para o menino visitar o camarim antes da apresenta\u00e7\u00e3o para ele sentir as pe\u00e7as dos bailarinos e percebemos a necessidade de ampliar o acesso\u201d, comentou.<\/p>\n\n\n\n<p>Organizador do evento, Rodrigo Paiva explica que a iniciativa tem o objetivo de atender todas as pessoas que queiram ter contato com o espet\u00e1culo de maneira mais inclusiva. \u201cA gente entende a necessidade de termos acessibilidade tamb\u00e9m nas atra\u00e7\u00f5es e, nesta edi\u00e7\u00e3o, priorizamos incluir essas op\u00e7\u00f5es sensoriais e com int\u00e9rprete em Libras nesta apresenta\u00e7\u00e3o que faz muito sucesso com as crian\u00e7as\u201d, disse.<\/p>\n\n\n\n<p><strong>Sobre o Festival&nbsp;<\/strong><\/p>\n\n\n\n<p>O evento come\u00e7ou na sexta (25) e segue nos dias 1, 2 e 3 de agosto, no Pal\u00e1cio de Cristal, com entrada gratuita.&nbsp;<\/p>\n\n\n\n<p>A programa\u00e7\u00e3o do festival conta com atividades culturais, apresenta\u00e7\u00f5es musicais, oficinas gastron\u00f4micas e estandes com produtores locais e regionais.&nbsp; Mais informa\u00e7\u00f5es est\u00e3o dispon\u00edveis no perfil oficial:<a href=\"https:\/\/instagram.com\/chocolatepetropolis\" target=\"_blank\" rel=\"noreferrer noopener\">&nbsp;@chocolatepetropolis<\/a>.<\/p>\n","protected":false},"excerpt":{"rendered":"<p>Experi\u00eancia t\u00e1til \u00e9 realizada 15 minutos antes das sess\u00f5es, ampliando o acesso ao espet\u00e1culo, que<\/p>\n","protected":false},"author":1,"featured_media":47043,"comment_status":"closed","ping_status":"open","sticky":false,"template":"","format":"standard","meta":{"spay_email":"","footnotes":"","jetpack_publicize_message":""},"categories":[42],"tags":[],"jetpack_featured_media_url":"https:\/\/i0.wp.com\/jornaldeitaipava.com.br\/wp-content\/uploads\/2025\/08\/Dom-Cacau-com-acessibilidade_Tania-Mello-scaled.jpeg?fit=2560%2C1920&ssl=1","jetpack_publicize_connections":[],"jetpack_sharing_enabled":true,"jetpack_likes_enabled":true,"jetpack-related-posts":[],"_links":{"self":[{"href":"https:\/\/jornaldeitaipava.com.br\/index.php\/wp-json\/wp\/v2\/posts\/47042"}],"collection":[{"href":"https:\/\/jornaldeitaipava.com.br\/index.php\/wp-json\/wp\/v2\/posts"}],"about":[{"href":"https:\/\/jornaldeitaipava.com.br\/index.php\/wp-json\/wp\/v2\/types\/post"}],"author":[{"embeddable":true,"href":"https:\/\/jornaldeitaipava.com.br\/index.php\/wp-json\/wp\/v2\/users\/1"}],"replies":[{"embeddable":true,"href":"https:\/\/jornaldeitaipava.com.br\/index.php\/wp-json\/wp\/v2\/comments?post=47042"}],"version-history":[{"count":1,"href":"https:\/\/jornaldeitaipava.com.br\/index.php\/wp-json\/wp\/v2\/posts\/47042\/revisions"}],"predecessor-version":[{"id":47044,"href":"https:\/\/jornaldeitaipava.com.br\/index.php\/wp-json\/wp\/v2\/posts\/47042\/revisions\/47044"}],"wp:featuredmedia":[{"embeddable":true,"href":"https:\/\/jornaldeitaipava.com.br\/index.php\/wp-json\/wp\/v2\/media\/47043"}],"wp:attachment":[{"href":"https:\/\/jornaldeitaipava.com.br\/index.php\/wp-json\/wp\/v2\/media?parent=47042"}],"wp:term":[{"taxonomy":"category","embeddable":true,"href":"https:\/\/jornaldeitaipava.com.br\/index.php\/wp-json\/wp\/v2\/categories?post=47042"},{"taxonomy":"post_tag","embeddable":true,"href":"https:\/\/jornaldeitaipava.com.br\/index.php\/wp-json\/wp\/v2\/tags?post=47042"}],"curies":[{"name":"wp","href":"https:\/\/api.w.org\/{rel}","templated":true}]}}