{"id":47045,"date":"2025-08-01T12:53:56","date_gmt":"2025-08-01T15:53:56","guid":{"rendered":"http:\/\/jornaldeitaipava.com.br\/?p=47045"},"modified":"2025-08-01T12:53:59","modified_gmt":"2025-08-01T15:53:59","slug":"23o-festival-de-inverno-de-petropolis-ganha-mais-um-fim-de-semana-com-eventos-gratuitos","status":"publish","type":"post","link":"https:\/\/jornaldeitaipava.com.br\/index.php\/2025\/08\/01\/23o-festival-de-inverno-de-petropolis-ganha-mais-um-fim-de-semana-com-eventos-gratuitos\/","title":{"rendered":"23\u00ba Festival de Inverno de Petr\u00f3polis ganha mais um fim de semana com eventos gratuitos"},"content":{"rendered":"\n<p>O 23\u00ba Festival de Inverno de Petr\u00f3polis, com produ\u00e7\u00e3o e realiza\u00e7\u00e3o do Instituto Dell\u2019Arte, foi prolongado em mais um fim de semana com concertos nesta sexta, s\u00e1bado e domingo no Pal\u00e1cio de Cristal, Museu Casa Santos Dumont e Casa Stefan Zweig. Todas as atra\u00e7\u00f5es t\u00eam entrada gratuita.<\/p>\n\n\n\n<p><strong>Nesta sexta-feira,<\/strong>&nbsp;dia primeiro de agosto, a&nbsp;<strong>Orquestra Sinf\u00f4nica Mariuccia Iacovino<\/strong>, se apresenta \u00e0s&nbsp;<strong>17h30m<\/strong>, no&nbsp;<strong>Pal\u00e1cio de Cristal<\/strong>, em parceria com o Festival do Chocolate. Reconhecida por sua performance e compromisso social, a&nbsp;<strong>Orquestra Sinf\u00f4nica Mariuccia Iacovino<\/strong>&nbsp;tem dire\u00e7\u00e3o geral do maestro Jony William Villela Vianna, coordena\u00e7\u00e3o art\u00edstica de Hodyllon Martins, e reg\u00eancia do maestro Daniel Oliveira.&nbsp;A forma\u00e7\u00e3o, composta por jovens m\u00fasicos atendidos pelo projeto social&nbsp;<em>Orquestrando a Vida<\/em>, oferece a crian\u00e7as e adolescentes em situa\u00e7\u00e3o de vulnerabilidade a oportunidade de acesso gratuito \u00e0 educa\u00e7\u00e3o musical e \u00e0 pr\u00e1tica orquestral.<\/p>\n\n\n\n<p><strong>No s\u00e1bado<\/strong>, dia 2, \u00e0s&nbsp;<strong>18h<\/strong>, o&nbsp;<strong>Museu Casa Santos Dumont<\/strong>&nbsp;recebe a S\u00e9rie \u201c<strong>Festival nas Casas Hist\u00f3ricas<\/strong>\u201d com&nbsp;<strong>Patr\u00edcia Glatzl<\/strong>&nbsp;na clavinova e participa\u00e7\u00e3o especial&nbsp;<strong>Leandro Turano<\/strong>&nbsp;na escaleta. Ganhadora de diversos concursos e pr\u00eamios nacionais,&nbsp;<strong>Patricia Glatzl<\/strong>&nbsp;tem uma carreira diversificada, atuando como pianista solo, solista com orquestras, e dubl\u00ea de m\u00e3os em novelas. Tamb\u00e9m \u00e9 dedicada \u00e0 doc\u00eancia, ministrando aulas pr\u00e1ticas e te\u00f3ricas de piano e musicaliza\u00e7\u00e3o para crian\u00e7as e adultos.&nbsp;<strong>Leandro Turano<\/strong>&nbsp;\u00e9 pianista, regente, professor e compositor. No programa,&nbsp;<em>Suite Inglesa n\u00ba 2, BWV 807<\/em>&nbsp;de Johann Sebastian Bach,&nbsp;<em>Fantasia Improviso Op.66&nbsp;<\/em>de Fr\u00e9d\u00e9ric Chopin,&nbsp;<em>Intermezzo Op 118, n\u00ba2&nbsp;<\/em>de Johannes Brahms,&nbsp;<em>Clair de Lune<\/em>&nbsp;e&nbsp;<em>Arabesque n\u00ba 1<\/em>&nbsp;de Claude Debussy e&nbsp;<em>Libertango&nbsp;<\/em>de Astor Piazzolla.<\/p>\n\n\n\n<p>O encerramento do 23\u00ba. Festival de Inverno de Petr\u00f3polis ser\u00e1 no&nbsp;<strong>domingo<\/strong>, dia 3, \u00e0s&nbsp;<strong>16h<\/strong>&nbsp;na&nbsp;<strong>Casa Stefan Zweig<\/strong>, na S\u00e9rie \u201c<strong>Festival nas Casas Hist\u00f3ricas<\/strong>\u201d, com&nbsp;<strong>Duo Prevatto &amp; Do Carmo<\/strong>. Formado pelo violonista T\u00e1cio Prevatto e pelo flautista Erick do Carmo, o recital apresenta um panorama da m\u00fasica europ\u00e9ia. No repert\u00f3rio, compositores do barroco Ib\u00e9rico como Carlos Seixas e Antonio Soler; do alto Barroco, como J.S Bach e Georg Philipp Telemann e Christian Gottlieb Scheidler, representando o Classicismo.<\/p>\n\n\n\n<p>Segundo o prefeito de Petr\u00f3polis,<strong>&nbsp;Hingo Hammes,<\/strong>&nbsp;<em>\u201cO Festival de Inverno \u00e9 mais do que um evento tradicional do nosso calend\u00e1rio, \u00e9 uma verdadeira celebra\u00e7\u00e3o da identidade cultural de Petr\u00f3polis. Ao longo de suas edi\u00e7\u00f5es, o festival tem cumprido um papel fundamental na democratiza\u00e7\u00e3o do acesso \u00e0 cultura e no fortalecimento do turismo e da economia criativa. Seguimos firmes no compromisso de promover uma cidade viva, pulsante e aberta \u00e0 arte em todas as suas formas\u201d.<\/em><em><\/em><\/p>\n\n\n\n<p>O Festival de Inverno \u00e9 apresentado pelo Governo do Estado do Rio de Janeiro, FUNARJ, Prefeitura Municipal de Petr\u00f3polis, Instituto Municipal de Cultura e Instituto Dell\u2019Arte, com produ\u00e7\u00e3o da Dellarte e apoio da Mitra Diocesana de Petr\u00f3polis, Museu Imperial, Museu Casa Santos Dumont e Casa Stefan Zweig.<\/p>\n\n\n\n<p><strong>23\u00ba. FESTIVAL DE INVERNO DE PETR\u00d3POLIS<\/strong><\/p>\n\n\n\n<p>Locais: Museu Casa de Santos Dumont, Pal\u00e1cio de Cristal e a Casa Stefan Zweig<\/p>\n\n\n\n<p>Entrada gratuita<\/p>\n\n\n\n<p>\u00c9 necess\u00e1rio retirar o ingresso gratuito pelo site Sympla:<a href=\"https:\/\/www.sympla.com.br\/produtor\/fipet\" target=\"_blank\" rel=\"noreferrer noopener\">&nbsp;<\/a><a href=\"https:\/\/www.sympla.com.br\/produtor\/fipet\" target=\"_blank\" rel=\"noreferrer noopener\">https:\/\/www.sympla.com.br\/produtor\/fipet<\/a><\/p>\n\n\n\n<p>Ingressos reservados online ser\u00e3o v\u00e1lidos at\u00e9 15 minutos antes do in\u00edcio do concerto. Ap\u00f3s esse hor\u00e1rio, ser\u00e3o liberados para o p\u00fablico presente<\/p>\n\n\n\n<p>Programa\u00e7\u00e3o sujeita a altera\u00e7\u00f5es<\/p>\n\n\n\n<p>Mais informa\u00e7\u00f5es:&nbsp;<a href=\"http:\/\/www.dellarte.com.br\/\" target=\"_blank\" rel=\"noreferrer noopener\">www.dellarte.com.br<\/a><\/p>\n\n\n\n<p>Classifica\u00e7\u00e3o livre<\/p>\n","protected":false},"excerpt":{"rendered":"<p>O 23\u00ba Festival de Inverno de Petr\u00f3polis, com produ\u00e7\u00e3o e realiza\u00e7\u00e3o do Instituto Dell\u2019Arte, foi<\/p>\n","protected":false},"author":1,"featured_media":47046,"comment_status":"closed","ping_status":"open","sticky":false,"template":"","format":"standard","meta":{"spay_email":"","footnotes":"","jetpack_publicize_message":""},"categories":[42],"tags":[],"jetpack_featured_media_url":"https:\/\/i1.wp.com\/jornaldeitaipava.com.br\/wp-content\/uploads\/2025\/08\/Orquestra-Sinfonica-Mariuccia-Iacovino-foto-Renato-Mangolin.jpg?fit=2000%2C1333&ssl=1","jetpack_publicize_connections":[],"jetpack_sharing_enabled":true,"jetpack_likes_enabled":true,"jetpack-related-posts":[],"_links":{"self":[{"href":"https:\/\/jornaldeitaipava.com.br\/index.php\/wp-json\/wp\/v2\/posts\/47045"}],"collection":[{"href":"https:\/\/jornaldeitaipava.com.br\/index.php\/wp-json\/wp\/v2\/posts"}],"about":[{"href":"https:\/\/jornaldeitaipava.com.br\/index.php\/wp-json\/wp\/v2\/types\/post"}],"author":[{"embeddable":true,"href":"https:\/\/jornaldeitaipava.com.br\/index.php\/wp-json\/wp\/v2\/users\/1"}],"replies":[{"embeddable":true,"href":"https:\/\/jornaldeitaipava.com.br\/index.php\/wp-json\/wp\/v2\/comments?post=47045"}],"version-history":[{"count":1,"href":"https:\/\/jornaldeitaipava.com.br\/index.php\/wp-json\/wp\/v2\/posts\/47045\/revisions"}],"predecessor-version":[{"id":47047,"href":"https:\/\/jornaldeitaipava.com.br\/index.php\/wp-json\/wp\/v2\/posts\/47045\/revisions\/47047"}],"wp:featuredmedia":[{"embeddable":true,"href":"https:\/\/jornaldeitaipava.com.br\/index.php\/wp-json\/wp\/v2\/media\/47046"}],"wp:attachment":[{"href":"https:\/\/jornaldeitaipava.com.br\/index.php\/wp-json\/wp\/v2\/media?parent=47045"}],"wp:term":[{"taxonomy":"category","embeddable":true,"href":"https:\/\/jornaldeitaipava.com.br\/index.php\/wp-json\/wp\/v2\/categories?post=47045"},{"taxonomy":"post_tag","embeddable":true,"href":"https:\/\/jornaldeitaipava.com.br\/index.php\/wp-json\/wp\/v2\/tags?post=47045"}],"curies":[{"name":"wp","href":"https:\/\/api.w.org\/{rel}","templated":true}]}}