{"id":47048,"date":"2025-08-01T12:55:23","date_gmt":"2025-08-01T15:55:23","guid":{"rendered":"http:\/\/jornaldeitaipava.com.br\/?p=47048"},"modified":"2025-08-01T12:55:25","modified_gmt":"2025-08-01T15:55:25","slug":"petropolis-recebe-mais-uma-edicao-do-rio-info","status":"publish","type":"post","link":"https:\/\/jornaldeitaipava.com.br\/index.php\/2025\/08\/01\/petropolis-recebe-mais-uma-edicao-do-rio-info\/","title":{"rendered":"Petr\u00f3polis recebe mais uma edi\u00e7\u00e3o do Rio Info"},"content":{"rendered":"\n<p class=\"has-text-align-center\"><strong><em>Evento gratuito acontece no dia 7 de agosto, na Casa de Educa\u00e7\u00e3o Visconde de Mau\u00e1<\/em><\/strong><\/p>\n\n\n\n<p>O Rio Info est\u00e1 de volta a Petr\u00f3polis. No dia 7 de agosto, a cidade imperial volta a ser palco de um dos principais eventos de tecnologia, inova\u00e7\u00e3o e empreendedorismo do estado do Rio de Janeiro.<\/p>\n\n\n\n<p>Depois de duas edi\u00e7\u00f5es marcantes na serra, o Rio Info Petr\u00f3polis retorna com uma programa\u00e7\u00e3o especial que coloca a regi\u00e3o serrana no centro dos debates sobre o presente e o futuro da tecnologia.<\/p>\n\n\n\n<p>O encontro \u00e9 destinado para quem quer se atualizar, se conectar e se inspirar com temas como intelig\u00eancia artificial, LGPD, lideran\u00e7a, transforma\u00e7\u00e3o digital, neg\u00f3cios e desenvolvimento regional.<\/p>\n\n\n\n<p>\u201cLevar o Rio Info de volta a Petr\u00f3polis \u00e9 reafirmar o compromisso do TI Rio com a interioriza\u00e7\u00e3o da inova\u00e7\u00e3o e com o fortalecimento de ecossistemas regionais. A regi\u00e3o serrana tem enorme potencial e protagonismo no cen\u00e1rio tecnol\u00f3gico do estado e esse evento \u00e9 um ponto de conex\u00e3o para impulsionar novas ideias, parcerias e oportunidades\u201d,&nbsp;<strong>comenta Alberto Blois, presidente do TI Rio.<\/strong><\/p>\n\n\n\n<p>O evento, que acontece em parceria com a prefeitura de Petr\u00f3polis, ser\u00e1 realizado na Casa de Educa\u00e7\u00e3o Visconde de Mau\u00e1, na Avenida Bar\u00e3o do Rio Branco, 3 \u2013 Centro, das 8h \u00e0s 11h30.&nbsp;<strong>Inscri\u00e7\u00f5es gratuitas<\/strong>&nbsp;atrav\u00e9s do site:&nbsp;<a href=\"https:\/\/www.ti.rio\/rio-info-petropolis-2025\/\" target=\"_blank\" rel=\"noreferrer noopener\">https:\/\/www.ti.rio\/rio-info-petropolis-2025\/<\/a><\/p>\n\n\n\n<p><strong>Rio Info Petr\u00f3polis<\/strong><\/p>\n\n\n\n<p>Data: 7 de agosto de 2025 (quinta-feira)<\/p>\n\n\n\n<p>Hor\u00e1rio: 8h \u00e0s 11h30<\/p>\n\n\n\n<p>Local: Casa de Educa\u00e7\u00e3o Visconde de Mau\u00e1<\/p>\n\n\n\n<p>Endere\u00e7o: Av. Bar\u00e3o do Rio Branco, 3 \u2013 Centro, Petr\u00f3polis<\/p>\n","protected":false},"excerpt":{"rendered":"<p>Evento gratuito acontece no dia 7 de agosto, na Casa de Educa\u00e7\u00e3o Visconde de Mau\u00e1<\/p>\n","protected":false},"author":1,"featured_media":15630,"comment_status":"closed","ping_status":"open","sticky":false,"template":"","format":"standard","meta":{"spay_email":"","footnotes":"","jetpack_publicize_message":""},"categories":[2],"tags":[],"jetpack_featured_media_url":"https:\/\/i2.wp.com\/jornaldeitaipava.com.br\/wp-content\/uploads\/2021\/06\/casa-educa.jpg?fit=547%2C332&ssl=1","jetpack_publicize_connections":[],"jetpack_sharing_enabled":true,"jetpack_likes_enabled":true,"jetpack-related-posts":[],"_links":{"self":[{"href":"https:\/\/jornaldeitaipava.com.br\/index.php\/wp-json\/wp\/v2\/posts\/47048"}],"collection":[{"href":"https:\/\/jornaldeitaipava.com.br\/index.php\/wp-json\/wp\/v2\/posts"}],"about":[{"href":"https:\/\/jornaldeitaipava.com.br\/index.php\/wp-json\/wp\/v2\/types\/post"}],"author":[{"embeddable":true,"href":"https:\/\/jornaldeitaipava.com.br\/index.php\/wp-json\/wp\/v2\/users\/1"}],"replies":[{"embeddable":true,"href":"https:\/\/jornaldeitaipava.com.br\/index.php\/wp-json\/wp\/v2\/comments?post=47048"}],"version-history":[{"count":1,"href":"https:\/\/jornaldeitaipava.com.br\/index.php\/wp-json\/wp\/v2\/posts\/47048\/revisions"}],"predecessor-version":[{"id":47049,"href":"https:\/\/jornaldeitaipava.com.br\/index.php\/wp-json\/wp\/v2\/posts\/47048\/revisions\/47049"}],"wp:featuredmedia":[{"embeddable":true,"href":"https:\/\/jornaldeitaipava.com.br\/index.php\/wp-json\/wp\/v2\/media\/15630"}],"wp:attachment":[{"href":"https:\/\/jornaldeitaipava.com.br\/index.php\/wp-json\/wp\/v2\/media?parent=47048"}],"wp:term":[{"taxonomy":"category","embeddable":true,"href":"https:\/\/jornaldeitaipava.com.br\/index.php\/wp-json\/wp\/v2\/categories?post=47048"},{"taxonomy":"post_tag","embeddable":true,"href":"https:\/\/jornaldeitaipava.com.br\/index.php\/wp-json\/wp\/v2\/tags?post=47048"}],"curies":[{"name":"wp","href":"https:\/\/api.w.org\/{rel}","templated":true}]}}