{"id":47050,"date":"2025-08-01T12:58:13","date_gmt":"2025-08-01T15:58:13","guid":{"rendered":"http:\/\/jornaldeitaipava.com.br\/?p=47050"},"modified":"2025-08-01T12:58:15","modified_gmt":"2025-08-01T15:58:15","slug":"apos-indicacao-do-deputado-yuri-moura-taxistas-de-todo-o-estado-poderao-utilizar-faixas-exclusivas-no-rio","status":"publish","type":"post","link":"https:\/\/jornaldeitaipava.com.br\/index.php\/2025\/08\/01\/apos-indicacao-do-deputado-yuri-moura-taxistas-de-todo-o-estado-poderao-utilizar-faixas-exclusivas-no-rio\/","title":{"rendered":"Ap\u00f3s indica\u00e7\u00e3o do Deputado Yuri Moura, taxistas de todo o estado poder\u00e3o utilizar faixas exclusivas no Rio"},"content":{"rendered":"\n<p class=\"has-text-align-center\"><strong>Parlamentar levou o tema \u00e0 Alerj, aprovou indica\u00e7\u00e3o legislativa e projeto de lei e denunciou \u201cind\u00fastria da multa\u201d<\/strong><\/p>\n\n\n\n<p>O decreto publicado nesta quarta-feira (30\/07) pelo prefeito do Rio de Janeiro, Eduardo Paes, que autoriza os t\u00e1xis intermunicipais a circularem pela segunda faixa do BRT Transbrasil, representa uma conquista importante para os taxistas de todo o estado do Rio de Janeiro \u2014 e atende diretamente \u00e0 mobiliza\u00e7\u00e3o do deputado estadual Yuri Moura, que levou o tema \u00e0 tribuna da Assembleia Legislativa do Estado do Rio de Janeiro (Alerj) em junho, ap\u00f3s ouvir motoristas de diversas regi\u00f5es fluminenses.<\/p>\n\n\n\n<p>Na Alerj, Yuri aprovou uma indica\u00e7\u00e3o legislativa solicitando ao governador a regulamenta\u00e7\u00e3o estadual do tema e um projeto de lei que garante, em todo o estado, a permiss\u00e3o para que t\u00e1xis de qualquer munic\u00edpio possam trafegar pelas faixas seletivas, desde que em servi\u00e7o. As medidas prop\u00f5em a cria\u00e7\u00e3o de um cadastro unificado, a ser gerido pelo Detran-RJ, e defendem que a regulamenta\u00e7\u00e3o respeite a compet\u00eancia estadual sobre o transporte intermunicipal, sem invadir as normas gerais de tr\u00e2nsito, que seguem sob responsabilidade da Uni\u00e3o.<\/p>\n\n\n\n<p>A pauta surgiu a partir do relato de trabalhadores como Rodrigo Lopes, sindicalista em Niter\u00f3i, e de dezenas de taxistas da Regi\u00e3o Serrana, como os de Petr\u00f3polis, que relataram preju\u00edzos e multas injustas ao circularem na capital, mesmo em servi\u00e7o. \u201cEu tenho conversado com taxistas do interior que, quando v\u00eam ao Rio para levar um passageiro ao aeroporto ou ao trabalho, s\u00e3o multados em R$300, R$400, R$500. Isso \u00e9 uma ind\u00fastria da multa que penaliza quem est\u00e1 tentando garantir o sustento com dignidade\u201d, denunciou o deputado na tribuna.<\/p>\n\n\n\n<p>Yuri Moura apontou que a proibi\u00e7\u00e3o de uso das faixas exclusivas por t\u00e1xis de fora da capital impunha uma barreira inaceit\u00e1vel \u00e0 mobilidade e \u00e0 isonomia profissional. \u201cSe um taxista sai da sua cidade e, ao chegar ao Rio, \u00e9 impedido de circular como qualquer outro, ele n\u00e3o s\u00f3 perde tempo e dinheiro \u2014 ele \u00e9 impedido de trabalhar. Quem vive disso n\u00e3o pode arcar com preju\u00edzo di\u00e1rio. O resultado? Um trabalhador que sai de madrugada, volta \u00e0 noite, e \u00e9 tratado como infrator.\u201d.<\/p>\n\n\n\n<p>Para o deputado, o direito de circular nas faixas seletivas deve valer em todo o territ\u00f3rio fluminense. \u201cN\u00e3o importa se o taxista \u00e9 da capital ou do interior. Se ele est\u00e1 com o tax\u00edmetro ligado, transportando passageiro, precisa ter garantida a mesma condi\u00e7\u00e3o de trabalho. \u00c9 uma quest\u00e3o de justi\u00e7a e de mobilidade urbana eficiente.\u201d.<\/p>\n\n\n\n<p>Com o novo decreto, publicado por Eduardo Paes, os t\u00e1xis intermunicipais passam a ter autoriza\u00e7\u00e3o para trafegar na faixa central da Avenida Brasil \u2014 a segunda pista da esquerda do BRT Transbrasil \u2014 nos dois sentidos. As prefeituras dever\u00e3o encaminhar os cadastros dos motoristas autorizados, conforme previsto no texto. A medida aproxima-se da proposta de Yuri Moura, embora ainda dependa de regulamenta\u00e7\u00e3o estadual mais ampla.<\/p>\n\n\n\n<p>\u201cA cidade do Rio n\u00e3o pode se fechar para os trabalhadores do estado. O transporte \u00e9 interligado, e os taxistas precisam ter o m\u00ednimo de seguran\u00e7a para exercer sua profiss\u00e3o. Esse decreto \u00e9 uma vit\u00f3ria parcial, mas mostra que, quando a gente pressiona com seriedade e compromisso, as coisas come\u00e7am a mudar\u201d, afirmou o deputado.<\/p>\n\n\n\n<p>Mais informa\u00e7\u00f5es podem ser obtidas atrav\u00e9s do Facebook, Instagram e YouTube @yurimourarj, bem como no WhatsApp (24) 99955-2730.<\/p>\n","protected":false},"excerpt":{"rendered":"<p>Parlamentar levou o tema \u00e0 Alerj, aprovou indica\u00e7\u00e3o legislativa e projeto de lei e denunciou<\/p>\n","protected":false},"author":1,"featured_media":47051,"comment_status":"closed","ping_status":"open","sticky":false,"template":"","format":"standard","meta":{"spay_email":"","footnotes":"","jetpack_publicize_message":""},"categories":[2],"tags":[],"jetpack_featured_media_url":"https:\/\/i0.wp.com\/jornaldeitaipava.com.br\/wp-content\/uploads\/2025\/08\/WhatsApp-Image-2025-08-01-at-10.49.03.jpeg?fit=1280%2C960&ssl=1","jetpack_publicize_connections":[],"jetpack_sharing_enabled":true,"jetpack_likes_enabled":true,"jetpack-related-posts":[],"_links":{"self":[{"href":"https:\/\/jornaldeitaipava.com.br\/index.php\/wp-json\/wp\/v2\/posts\/47050"}],"collection":[{"href":"https:\/\/jornaldeitaipava.com.br\/index.php\/wp-json\/wp\/v2\/posts"}],"about":[{"href":"https:\/\/jornaldeitaipava.com.br\/index.php\/wp-json\/wp\/v2\/types\/post"}],"author":[{"embeddable":true,"href":"https:\/\/jornaldeitaipava.com.br\/index.php\/wp-json\/wp\/v2\/users\/1"}],"replies":[{"embeddable":true,"href":"https:\/\/jornaldeitaipava.com.br\/index.php\/wp-json\/wp\/v2\/comments?post=47050"}],"version-history":[{"count":1,"href":"https:\/\/jornaldeitaipava.com.br\/index.php\/wp-json\/wp\/v2\/posts\/47050\/revisions"}],"predecessor-version":[{"id":47052,"href":"https:\/\/jornaldeitaipava.com.br\/index.php\/wp-json\/wp\/v2\/posts\/47050\/revisions\/47052"}],"wp:featuredmedia":[{"embeddable":true,"href":"https:\/\/jornaldeitaipava.com.br\/index.php\/wp-json\/wp\/v2\/media\/47051"}],"wp:attachment":[{"href":"https:\/\/jornaldeitaipava.com.br\/index.php\/wp-json\/wp\/v2\/media?parent=47050"}],"wp:term":[{"taxonomy":"category","embeddable":true,"href":"https:\/\/jornaldeitaipava.com.br\/index.php\/wp-json\/wp\/v2\/categories?post=47050"},{"taxonomy":"post_tag","embeddable":true,"href":"https:\/\/jornaldeitaipava.com.br\/index.php\/wp-json\/wp\/v2\/tags?post=47050"}],"curies":[{"name":"wp","href":"https:\/\/api.w.org\/{rel}","templated":true}]}}