{"id":47056,"date":"2025-08-01T13:01:33","date_gmt":"2025-08-01T16:01:33","guid":{"rendered":"http:\/\/jornaldeitaipava.com.br\/?p=47056"},"modified":"2025-08-01T13:01:36","modified_gmt":"2025-08-01T16:01:36","slug":"inscricoes-abertas-para-o-ensino-medio-no-cefet-rj-petropolis","status":"publish","type":"post","link":"https:\/\/jornaldeitaipava.com.br\/index.php\/2025\/08\/01\/inscricoes-abertas-para-o-ensino-medio-no-cefet-rj-petropolis\/","title":{"rendered":"Inscri\u00e7\u00f5es abertas para o ensino m\u00e9dio no Cefet\/RJ Petr\u00f3polis"},"content":{"rendered":"\n<p><strong><em>Institui\u00e7\u00e3o federal oferta 36 vagas gratuitas<\/em><\/strong><\/p>\n\n\n\n<p>Est\u00e3o abertas as inscri\u00e7\u00f5es para o processo seletivo dos cursos t\u00e9cnicos integrados ao ensino m\u00e9dio do Cefet\/RJ para o ano letivo de 2026. Os interessados devem se inscrever at\u00e9 o dia 10 de setembro, exclusivamente pelo site&nbsp;<a href=\"https:\/\/selecon.org.br\/\" target=\"_blank\" rel=\"noreferrer noopener\">www.selecon.org.br<\/a>. A taxa de inscri\u00e7\u00e3o \u00e9 de R$ 70 e os pedidos de isen\u00e7\u00e3o podem ser feitos at\u00e9 o dia 5 de agosto.<\/p>\n\n\n\n<p>Na unidade Petr\u00f3polis, s\u00e3o ofertadas 36 vagas para o ensino m\u00e9dio integrado ao curso t\u00e9cnico em Telecomunica\u00e7\u00f5es, divididas em 18 para ampla concorr\u00eancia (AC) e 18 para atender a Lei n\u00ba 12.711\/12.&nbsp;<\/p>\n\n\n\n<p>Pode se candidatar para o processo seletivo qualquer pessoa que apresentar como escolaridade m\u00ednima o ensino fundamental completo ou estiver cursando, em 2025, o 9\u00ba ano desse n\u00edvel de ensino e que tenha idade inferior a 18 anos at\u00e9 o dia 30 de mar\u00e7o de 2026.<\/p>\n\n\n\n<p>O processo seletivo ser\u00e1 realizado em fase \u00fanica \u2013 no dia 28 de setembro, das 9h \u00e0s 13h \u2013 e consistir\u00e1 em uma prova objetiva e uma reda\u00e7\u00e3o. A prova conter\u00e1 30 quest\u00f5es de m\u00faltipla escolha, distribu\u00eddas em L\u00edngua Portuguesa, Matem\u00e1tica, Ci\u00eancias da Natureza (F\u00edsica, Qu\u00edmica e Biologia) e Ci\u00eancias Humanas (Hist\u00f3ria e Geografia). O resultado final ser\u00e1 divulgado em 15 de dezembro de 2025, a partir das 19h.<\/p>\n\n\n\n<p><a href=\"https:\/\/www.cefet-rj.br\/index.php\/alunos-tecnico\/9682-processo-seletivo-para-ingresso-nos-cursos-tecnicos-integrados-ao-ensino-medio-ano-letivo-de-2026\" target=\"_blank\" rel=\"noreferrer noopener\">Maiores informa\u00e7\u00f5es e acesso ao edital na p\u00e1gina do processo seletivo.&nbsp;<\/a><\/p>\n","protected":false},"excerpt":{"rendered":"<p>Institui\u00e7\u00e3o federal oferta 36 vagas gratuitas Est\u00e3o abertas as inscri\u00e7\u00f5es para o processo seletivo dos<\/p>\n","protected":false},"author":1,"featured_media":6706,"comment_status":"closed","ping_status":"open","sticky":false,"template":"","format":"standard","meta":{"spay_email":"","footnotes":"","jetpack_publicize_message":""},"categories":[24],"tags":[],"jetpack_featured_media_url":"https:\/\/i1.wp.com\/jornaldeitaipava.com.br\/wp-content\/uploads\/2020\/12\/CEFET.jpg?fit=1000%2C538&ssl=1","jetpack_publicize_connections":[],"jetpack_sharing_enabled":true,"jetpack_likes_enabled":true,"jetpack-related-posts":[],"_links":{"self":[{"href":"https:\/\/jornaldeitaipava.com.br\/index.php\/wp-json\/wp\/v2\/posts\/47056"}],"collection":[{"href":"https:\/\/jornaldeitaipava.com.br\/index.php\/wp-json\/wp\/v2\/posts"}],"about":[{"href":"https:\/\/jornaldeitaipava.com.br\/index.php\/wp-json\/wp\/v2\/types\/post"}],"author":[{"embeddable":true,"href":"https:\/\/jornaldeitaipava.com.br\/index.php\/wp-json\/wp\/v2\/users\/1"}],"replies":[{"embeddable":true,"href":"https:\/\/jornaldeitaipava.com.br\/index.php\/wp-json\/wp\/v2\/comments?post=47056"}],"version-history":[{"count":1,"href":"https:\/\/jornaldeitaipava.com.br\/index.php\/wp-json\/wp\/v2\/posts\/47056\/revisions"}],"predecessor-version":[{"id":47057,"href":"https:\/\/jornaldeitaipava.com.br\/index.php\/wp-json\/wp\/v2\/posts\/47056\/revisions\/47057"}],"wp:featuredmedia":[{"embeddable":true,"href":"https:\/\/jornaldeitaipava.com.br\/index.php\/wp-json\/wp\/v2\/media\/6706"}],"wp:attachment":[{"href":"https:\/\/jornaldeitaipava.com.br\/index.php\/wp-json\/wp\/v2\/media?parent=47056"}],"wp:term":[{"taxonomy":"category","embeddable":true,"href":"https:\/\/jornaldeitaipava.com.br\/index.php\/wp-json\/wp\/v2\/categories?post=47056"},{"taxonomy":"post_tag","embeddable":true,"href":"https:\/\/jornaldeitaipava.com.br\/index.php\/wp-json\/wp\/v2\/tags?post=47056"}],"curies":[{"name":"wp","href":"https:\/\/api.w.org\/{rel}","templated":true}]}}