{"id":47058,"date":"2025-08-01T13:04:32","date_gmt":"2025-08-01T16:04:32","guid":{"rendered":"http:\/\/jornaldeitaipava.com.br\/?p=47058"},"modified":"2025-08-01T13:04:35","modified_gmt":"2025-08-01T16:04:35","slug":"comercio-otimista-com-as-vendas-para-o-dia-dos-pais","status":"publish","type":"post","link":"https:\/\/jornaldeitaipava.com.br\/index.php\/2025\/08\/01\/comercio-otimista-com-as-vendas-para-o-dia-dos-pais\/","title":{"rendered":"Com\u00e9rcio otimista com as vendas para o Dia dos Pais"},"content":{"rendered":"\n<p>Uma data importante para o com\u00e9rcio brasileiro est\u00e1 chegando: o Dia dos Pais, comemorado no segundo domingo de agosto (10). As lojas petropolitanas j\u00e1 entraram no clima e, al\u00e9m de decora\u00e7\u00e3o especial, preparam promo\u00e7\u00f5es. De acordo com levantamento realizado pela Confedera\u00e7\u00e3o Nacional do Com\u00e9rcio de Bens, Servi\u00e7os e Turismo (CNC), o com\u00e9rcio brasileiro vive a expectativa de ter o melhor Dia dos Pais em 11 anos.<br>A pesquisa revela que a data comemorativa deve movimentar cerca de R$ 7,84 bilh\u00f5es em vendas, o que representaria o melhor desempenho do setor desde 2014 e o crescimento de 3,2% em rela\u00e7\u00e3o ao ano passado. Para aumentar as vendas, lojistas podem investir em promo\u00e7\u00f5es, personaliza\u00e7\u00e3o de produtos, campanhas criativas e foco nos filhos, que s\u00e3o os principais compradores.<br>\u201c\u00c9 uma data relevante. As fam\u00edlias buscam op\u00e7\u00f5es diferenciadas de presentes como forma de demonstrar carinho e, \u00e9 claro que o com\u00e9rcio busca fideliza\u00e7\u00e3o e aumento nas vendas atrav\u00e9s de promo\u00e7\u00f5es e publica\u00e7\u00f5es nas redes sociais que buscam despertar o afeto. Em Petr\u00f3polis, o tempo frio e as programa\u00e7\u00f5es culturais auxiliam neste aumento das vendas, com maior visita\u00e7\u00e3o de turistas, prestigiando os setores produtivos\u201d, afirma o presidente do Sicom\u00e9rcio Petr\u00f3polis, Marcelo Fiorini.<br>Como j\u00e1 \u00e9 tradicional, as roupas devem liderar as vendas, com os produtos de perfumaria e cosm\u00e9tico ocupando a segunda coloca\u00e7\u00e3o na prefer\u00eancia dos consumidores, seguido por itens de utilidades dom\u00e9sticas e eletroeletr\u00f4nicos.<\/p>\n\n\n\n<p><strong>Confira dicas da Fecom\u00e9rcio RJ que podem impulsionar as vendas:<\/strong><\/p>\n\n\n\n<p>1 &#8211; Ofere\u00e7a kits e sugest\u00f5es por perfil de pai: facilite a escolha do cliente com op\u00e7\u00f5es pensadas para diferentes estilos: cl\u00e1ssico, esportivo, moderno ou sentimental;<\/p>\n\n\n\n<p>2 &#8211; Divulgue promo\u00e7\u00f5es nos canais digitais: use as redes sociais, WhatsApp e e-mail para apresentar ofertas irresist\u00edveis e chamar para a a\u00e7\u00e3o;<\/p>\n\n\n\n<p>3 &#8211; Crie experi\u00eancias personalizadas: brindes, cart\u00f5es escritos \u00e0 m\u00e3o ou embalagens tornam a compra mais emocional;<\/p>\n\n\n\n<p>4 &#8211; Ofere\u00e7a op\u00e7\u00f5es de entrega e retirada: facilite a vida de quem deixa para a \u00faltima hora com solu\u00e7\u00f5es pr\u00e1ticas e eficientes;<\/p>\n\n\n\n<p>5 &#8211; Reforce o valor emocional da data na comunica\u00e7\u00e3o: lembre seus clientes de que o presente tamb\u00e9m \u00e9 uma forma de agradecer, homenagear e se conectar.<\/p>\n","protected":false},"excerpt":{"rendered":"<p>Uma data importante para o com\u00e9rcio brasileiro est\u00e1 chegando: o Dia dos Pais, comemorado no<\/p>\n","protected":false},"author":1,"featured_media":38226,"comment_status":"closed","ping_status":"open","sticky":false,"template":"","format":"standard","meta":{"spay_email":"","footnotes":"","jetpack_publicize_message":""},"categories":[2],"tags":[],"jetpack_featured_media_url":"https:\/\/i1.wp.com\/jornaldeitaipava.com.br\/wp-content\/uploads\/2024\/02\/Comercio-Centro.jpg?fit=640%2C360&ssl=1","jetpack_publicize_connections":[],"jetpack_sharing_enabled":true,"jetpack_likes_enabled":true,"jetpack-related-posts":[],"_links":{"self":[{"href":"https:\/\/jornaldeitaipava.com.br\/index.php\/wp-json\/wp\/v2\/posts\/47058"}],"collection":[{"href":"https:\/\/jornaldeitaipava.com.br\/index.php\/wp-json\/wp\/v2\/posts"}],"about":[{"href":"https:\/\/jornaldeitaipava.com.br\/index.php\/wp-json\/wp\/v2\/types\/post"}],"author":[{"embeddable":true,"href":"https:\/\/jornaldeitaipava.com.br\/index.php\/wp-json\/wp\/v2\/users\/1"}],"replies":[{"embeddable":true,"href":"https:\/\/jornaldeitaipava.com.br\/index.php\/wp-json\/wp\/v2\/comments?post=47058"}],"version-history":[{"count":1,"href":"https:\/\/jornaldeitaipava.com.br\/index.php\/wp-json\/wp\/v2\/posts\/47058\/revisions"}],"predecessor-version":[{"id":47059,"href":"https:\/\/jornaldeitaipava.com.br\/index.php\/wp-json\/wp\/v2\/posts\/47058\/revisions\/47059"}],"wp:featuredmedia":[{"embeddable":true,"href":"https:\/\/jornaldeitaipava.com.br\/index.php\/wp-json\/wp\/v2\/media\/38226"}],"wp:attachment":[{"href":"https:\/\/jornaldeitaipava.com.br\/index.php\/wp-json\/wp\/v2\/media?parent=47058"}],"wp:term":[{"taxonomy":"category","embeddable":true,"href":"https:\/\/jornaldeitaipava.com.br\/index.php\/wp-json\/wp\/v2\/categories?post=47058"},{"taxonomy":"post_tag","embeddable":true,"href":"https:\/\/jornaldeitaipava.com.br\/index.php\/wp-json\/wp\/v2\/tags?post=47058"}],"curies":[{"name":"wp","href":"https:\/\/api.w.org\/{rel}","templated":true}]}}