{"id":47062,"date":"2025-08-04T13:45:14","date_gmt":"2025-08-04T16:45:14","guid":{"rendered":"http:\/\/jornaldeitaipava.com.br\/?p=47062"},"modified":"2025-08-04T13:45:17","modified_gmt":"2025-08-04T16:45:17","slug":"prefeitura-e-estacio-firmam-parceria-para-capacitacao-em-primeiros-socorros-dos-nudecs","status":"publish","type":"post","link":"https:\/\/jornaldeitaipava.com.br\/index.php\/2025\/08\/04\/prefeitura-e-estacio-firmam-parceria-para-capacitacao-em-primeiros-socorros-dos-nudecs\/","title":{"rendered":"Prefeitura e Est\u00e1cio firmam parceria para capacita\u00e7\u00e3o em primeiros socorros dos Nudecs"},"content":{"rendered":"\n<p>Integrantes dos n\u00facleos comunit\u00e1rios de Defesa Civil (Nudecs) est\u00e3o passando por capacita\u00e7\u00e3o em primeiros socorros. A iniciativa \u00e9 uma parceria da Prefeitura e a Est\u00e1cio.<\/p>\n\n\n\n<p>&#8220;\u00c9 importante que esses l\u00edderes comunit\u00e1rios saibam agir no momento de emerg\u00eancia at\u00e9 a chegada do socorro&#8221;, disse o prefeito Hingo Hammes.<\/p>\n\n\n\n<p>Quarenta e cinco pessoas est\u00e3o participando do curso, que \u00e9 dividido em tr\u00eas m\u00f3dulos. As aulas s\u00e3o te\u00f3ricas e pr\u00e1ticas.<\/p>\n\n\n\n<p>&#8220;Os Nudecs s\u00e3o o nosso elo com as comunidades. Por isso \u00e9 importante que eles estejam capacitados para agir no momento de emerg\u00eancia&#8221;, ressaltou o secret\u00e1rio de Prote\u00e7\u00e3o e Defesa Civil, Guilherme Moraes.<\/p>\n","protected":false},"excerpt":{"rendered":"<p>Integrantes dos n\u00facleos comunit\u00e1rios de Defesa Civil (Nudecs) est\u00e3o passando por capacita\u00e7\u00e3o em primeiros socorros.<\/p>\n","protected":false},"author":1,"featured_media":47063,"comment_status":"closed","ping_status":"open","sticky":false,"template":"","format":"standard","meta":{"spay_email":"","footnotes":"","jetpack_publicize_message":""},"categories":[2],"tags":[],"jetpack_featured_media_url":"https:\/\/i0.wp.com\/jornaldeitaipava.com.br\/wp-content\/uploads\/2025\/08\/WhatsApp-Image-2025-08-03-at-10.22.54-scaled.jpeg?fit=2560%2C1920&ssl=1","jetpack_publicize_connections":[],"jetpack_sharing_enabled":true,"jetpack_likes_enabled":true,"jetpack-related-posts":[],"_links":{"self":[{"href":"https:\/\/jornaldeitaipava.com.br\/index.php\/wp-json\/wp\/v2\/posts\/47062"}],"collection":[{"href":"https:\/\/jornaldeitaipava.com.br\/index.php\/wp-json\/wp\/v2\/posts"}],"about":[{"href":"https:\/\/jornaldeitaipava.com.br\/index.php\/wp-json\/wp\/v2\/types\/post"}],"author":[{"embeddable":true,"href":"https:\/\/jornaldeitaipava.com.br\/index.php\/wp-json\/wp\/v2\/users\/1"}],"replies":[{"embeddable":true,"href":"https:\/\/jornaldeitaipava.com.br\/index.php\/wp-json\/wp\/v2\/comments?post=47062"}],"version-history":[{"count":1,"href":"https:\/\/jornaldeitaipava.com.br\/index.php\/wp-json\/wp\/v2\/posts\/47062\/revisions"}],"predecessor-version":[{"id":47064,"href":"https:\/\/jornaldeitaipava.com.br\/index.php\/wp-json\/wp\/v2\/posts\/47062\/revisions\/47064"}],"wp:featuredmedia":[{"embeddable":true,"href":"https:\/\/jornaldeitaipava.com.br\/index.php\/wp-json\/wp\/v2\/media\/47063"}],"wp:attachment":[{"href":"https:\/\/jornaldeitaipava.com.br\/index.php\/wp-json\/wp\/v2\/media?parent=47062"}],"wp:term":[{"taxonomy":"category","embeddable":true,"href":"https:\/\/jornaldeitaipava.com.br\/index.php\/wp-json\/wp\/v2\/categories?post=47062"},{"taxonomy":"post_tag","embeddable":true,"href":"https:\/\/jornaldeitaipava.com.br\/index.php\/wp-json\/wp\/v2\/tags?post=47062"}],"curies":[{"name":"wp","href":"https:\/\/api.w.org\/{rel}","templated":true}]}}