{"id":47065,"date":"2025-08-04T13:47:21","date_gmt":"2025-08-04T16:47:21","guid":{"rendered":"http:\/\/jornaldeitaipava.com.br\/?p=47065"},"modified":"2025-08-04T13:47:24","modified_gmt":"2025-08-04T16:47:24","slug":"firjan-promove-encontro-com-foco-no-fortalecimento-do-setor-de-moda-em-petropolis","status":"publish","type":"post","link":"https:\/\/jornaldeitaipava.com.br\/index.php\/2025\/08\/04\/firjan-promove-encontro-com-foco-no-fortalecimento-do-setor-de-moda-em-petropolis\/","title":{"rendered":"Firjan promove encontro com foco no fortalecimento do setor de Moda em Petr\u00f3polis\u00a0"},"content":{"rendered":"\n<p><strong>Evento gratuito, em parceria com o Sebrae, percorre v\u00e1rias regi\u00f5es do estado, reunindo empres\u00e1rios para debater tend\u00eancias e os potenciais do setor<\/strong><\/p>\n\n\n\n<p>Com foco no fortalecimento do setor de Moda, a Firjan, em parceria com o Sebrae, vai promover o \u201cGiro do Conhecimento \u2013 Moda\u201d, no dia 13\/8, \u00e0s 10h, na sede da Firjan Serrana, em Petr\u00f3polis.&nbsp; O evento vai abordar as tend\u00eancias do mercado para impulsionar o segmento na regi\u00e3o. As inscri\u00e7\u00f5es s\u00e3o gratuitas e devem ser feitas no link:&nbsp;<a href=\"https:\/\/forms.office.com\/r\/rYwcDqdWFm\" target=\"_blank\" rel=\"noreferrer noopener\">https:\/\/forms.office.com\/r\/rYwcDqdWFm<\/a>.<\/p>\n\n\n\n<p>A proposta \u00e9 reunir empres\u00e1rios de todos os portes e profissionais que atuam na \u00e1rea e promover uma troca de conhecimento global sobre o setor no estado. Durante o encontro ser\u00e3o apresentados as tend\u00eancias, comportamento, consumo e especialista da Casa Firjan vai abordar o cen\u00e1rio, as mudan\u00e7as de mercado e os novos desafios.<\/p>\n\n\n\n<p><strong>Servi\u00e7o:<\/strong><\/p>\n\n\n\n<p>Firjan Serrana I Petr\u00f3polis<\/p>\n\n\n\n<p>Data: 13\/08\/2025<\/p>\n\n\n\n<p>Hor\u00e1rio: 10h<\/p>\n\n\n\n<p>Local:&nbsp; Av. Dom Pedro I, n\u00ba 579 &#8211; Centro \u2013 Petr\u00f3polis&nbsp;<\/p>\n","protected":false},"excerpt":{"rendered":"<p>Evento gratuito, em parceria com o Sebrae, percorre v\u00e1rias regi\u00f5es do estado, reunindo empres\u00e1rios para<\/p>\n","protected":false},"author":1,"featured_media":34110,"comment_status":"closed","ping_status":"open","sticky":false,"template":"","format":"standard","meta":{"spay_email":"","footnotes":"","jetpack_publicize_message":""},"categories":[2],"tags":[],"jetpack_featured_media_url":"https:\/\/i2.wp.com\/jornaldeitaipava.com.br\/wp-content\/uploads\/2023\/04\/FIRJAN-PETROPOLIS.png?fit=1353%2C685&ssl=1","jetpack_publicize_connections":[],"jetpack_sharing_enabled":true,"jetpack_likes_enabled":true,"jetpack-related-posts":[],"_links":{"self":[{"href":"https:\/\/jornaldeitaipava.com.br\/index.php\/wp-json\/wp\/v2\/posts\/47065"}],"collection":[{"href":"https:\/\/jornaldeitaipava.com.br\/index.php\/wp-json\/wp\/v2\/posts"}],"about":[{"href":"https:\/\/jornaldeitaipava.com.br\/index.php\/wp-json\/wp\/v2\/types\/post"}],"author":[{"embeddable":true,"href":"https:\/\/jornaldeitaipava.com.br\/index.php\/wp-json\/wp\/v2\/users\/1"}],"replies":[{"embeddable":true,"href":"https:\/\/jornaldeitaipava.com.br\/index.php\/wp-json\/wp\/v2\/comments?post=47065"}],"version-history":[{"count":1,"href":"https:\/\/jornaldeitaipava.com.br\/index.php\/wp-json\/wp\/v2\/posts\/47065\/revisions"}],"predecessor-version":[{"id":47066,"href":"https:\/\/jornaldeitaipava.com.br\/index.php\/wp-json\/wp\/v2\/posts\/47065\/revisions\/47066"}],"wp:featuredmedia":[{"embeddable":true,"href":"https:\/\/jornaldeitaipava.com.br\/index.php\/wp-json\/wp\/v2\/media\/34110"}],"wp:attachment":[{"href":"https:\/\/jornaldeitaipava.com.br\/index.php\/wp-json\/wp\/v2\/media?parent=47065"}],"wp:term":[{"taxonomy":"category","embeddable":true,"href":"https:\/\/jornaldeitaipava.com.br\/index.php\/wp-json\/wp\/v2\/categories?post=47065"},{"taxonomy":"post_tag","embeddable":true,"href":"https:\/\/jornaldeitaipava.com.br\/index.php\/wp-json\/wp\/v2\/tags?post=47065"}],"curies":[{"name":"wp","href":"https:\/\/api.w.org\/{rel}","templated":true}]}}