{"id":47067,"date":"2025-08-04T13:49:27","date_gmt":"2025-08-04T16:49:27","guid":{"rendered":"http:\/\/jornaldeitaipava.com.br\/?p=47067"},"modified":"2025-08-04T13:49:30","modified_gmt":"2025-08-04T16:49:30","slug":"obras-inacabadas-da-aguas-do-imperador-geram-risco-e-indignacao-em-itaipava","status":"publish","type":"post","link":"https:\/\/jornaldeitaipava.com.br\/index.php\/2025\/08\/04\/obras-inacabadas-da-aguas-do-imperador-geram-risco-e-indignacao-em-itaipava\/","title":{"rendered":"Obras inacabadas da \u00c1guas do Imperador geram risco e indigna\u00e7\u00e3o em Itaipava"},"content":{"rendered":"\n<p><strong>Cal\u00e7adas e vias seguem deterioradas, sem sinaliza\u00e7\u00e3o adequada ou recupera\u00e7\u00e3o ap\u00f3s interven\u00e7\u00f5es<\/strong><\/p>\n\n\n\n<p>Uma interven\u00e7\u00e3o da concession\u00e1ria \u00c1guas do Imperador na \u201crotat\u00f3ria Bramil\u201d, em Itaipava, reacendeu um debate antigo no distrito: quem se responsabiliza pelas obras deixadas pela metade? No local, que fica na Estrada Uni\u00e3o e Ind\u00fastria \u2014 principal via que cruza o distrito \u2014 parte de um canteiro central foi escavado e teve uma \u00e1rvore retirada. Desde ent\u00e3o, terra e areia ficaram expostas na pista, sem qualquer sinaliza\u00e7\u00e3o ou acabamento definitivo.<\/p>\n\n\n\n<p>O problema, al\u00e9m do impacto visual e ambiental, tem consequ\u00eancias diretas para a seguran\u00e7a vi\u00e1ria. Recentemente, um motociclista que atua como entregador, se acidentou ap\u00f3s perder o controle da moto ao passar por uma dessas \u00e1reas cobertas de areia solta. Ele segue sem condi\u00e7\u00f5es de trabalhar. Houve protesto de outros motoboys que realizaram um buzina\u00e7o no local para chamar a aten\u00e7\u00e3o. \u201c\u00c9 um caso concreto que mostra como uma obra mal finalizada pode interferir diretamente na vida das pessoas\u201d, afirma Alexandre Plantz, presidente da Unidos por Itaipava (UNITA).<\/p>\n\n\n\n<p>A entidade, formada por moradores e representantes da sociedade civil do distrito, refor\u00e7a que n\u00e3o se trata de criticar as obras em si \u2014 que s\u00e3o importantes para o saneamento da cidade \u2014 mas da falta de responsabilidade com o entorno ao fim das interven\u00e7\u00f5es. \u201cA popula\u00e7\u00e3o n\u00e3o \u00e9 contra as obras. O que nos preocupa \u00e9 que n\u00e3o h\u00e1 cuidado ap\u00f3s a execu\u00e7\u00e3o. A via precisa ser devolvida \u00e0 cidade com seguran\u00e7a e dignidade. O que acontece em Itaipava se repete por toda a cidade\u201d, diz Fabr\u00edcio Santos, secret\u00e1rio da UNITA.<\/p>\n\n\n\n<p>Al\u00e9m da cobran\u00e7a \u00e0 concession\u00e1ria, o movimento tamb\u00e9m aponta para a responsabilidade da Prefeitura na fiscaliza\u00e7\u00e3o das a\u00e7\u00f5es da empresa. Como detentora do contrato de concess\u00e3o, cabe \u00e0 administra\u00e7\u00e3o municipal garantir que todas as etapas \u2014 inclusive o acabamento e a limpeza das vias \u2014 sejam cumpridas. \u201cEstamos falando de concess\u00e3o p\u00fablica. E concess\u00e3o precisa de acompanhamento e fiscaliza\u00e7\u00e3o. Estamos levando formalmente o caso \u00e0s autoridades, refor\u00e7ando a import\u00e2ncia de protocolos mais r\u00edgidos para obras vi\u00e1rias e urbanas que impactem diretamente a rotina de moradores e trabalhadores do distrito\u201d, afirma Alexandre Plantz.&nbsp;<\/p>\n","protected":false},"excerpt":{"rendered":"<p>Cal\u00e7adas e vias seguem deterioradas, sem sinaliza\u00e7\u00e3o adequada ou recupera\u00e7\u00e3o ap\u00f3s interven\u00e7\u00f5es Uma interven\u00e7\u00e3o da<\/p>\n","protected":false},"author":1,"featured_media":47068,"comment_status":"closed","ping_status":"open","sticky":false,"template":"","format":"standard","meta":{"spay_email":"","footnotes":"","jetpack_publicize_message":""},"categories":[24],"tags":[],"jetpack_featured_media_url":"https:\/\/i0.wp.com\/jornaldeitaipava.com.br\/wp-content\/uploads\/2025\/08\/Obra-da-Aguas-do-IMperador-na-rotatoria-do-Bramil-1-e1754326155295.jpeg?fit=945%2C776&ssl=1","jetpack_publicize_connections":[],"jetpack_sharing_enabled":true,"jetpack_likes_enabled":true,"jetpack-related-posts":[],"_links":{"self":[{"href":"https:\/\/jornaldeitaipava.com.br\/index.php\/wp-json\/wp\/v2\/posts\/47067"}],"collection":[{"href":"https:\/\/jornaldeitaipava.com.br\/index.php\/wp-json\/wp\/v2\/posts"}],"about":[{"href":"https:\/\/jornaldeitaipava.com.br\/index.php\/wp-json\/wp\/v2\/types\/post"}],"author":[{"embeddable":true,"href":"https:\/\/jornaldeitaipava.com.br\/index.php\/wp-json\/wp\/v2\/users\/1"}],"replies":[{"embeddable":true,"href":"https:\/\/jornaldeitaipava.com.br\/index.php\/wp-json\/wp\/v2\/comments?post=47067"}],"version-history":[{"count":1,"href":"https:\/\/jornaldeitaipava.com.br\/index.php\/wp-json\/wp\/v2\/posts\/47067\/revisions"}],"predecessor-version":[{"id":47069,"href":"https:\/\/jornaldeitaipava.com.br\/index.php\/wp-json\/wp\/v2\/posts\/47067\/revisions\/47069"}],"wp:featuredmedia":[{"embeddable":true,"href":"https:\/\/jornaldeitaipava.com.br\/index.php\/wp-json\/wp\/v2\/media\/47068"}],"wp:attachment":[{"href":"https:\/\/jornaldeitaipava.com.br\/index.php\/wp-json\/wp\/v2\/media?parent=47067"}],"wp:term":[{"taxonomy":"category","embeddable":true,"href":"https:\/\/jornaldeitaipava.com.br\/index.php\/wp-json\/wp\/v2\/categories?post=47067"},{"taxonomy":"post_tag","embeddable":true,"href":"https:\/\/jornaldeitaipava.com.br\/index.php\/wp-json\/wp\/v2\/tags?post=47067"}],"curies":[{"name":"wp","href":"https:\/\/api.w.org\/{rel}","templated":true}]}}