{"id":47070,"date":"2025-08-04T13:53:25","date_gmt":"2025-08-04T16:53:25","guid":{"rendered":"http:\/\/jornaldeitaipava.com.br\/?p=47070"},"modified":"2025-08-04T13:53:28","modified_gmt":"2025-08-04T16:53:28","slug":"conexao-marketing-e-inovacao-em-evento-gratuito-para-empresarios-em-itaipava","status":"publish","type":"post","link":"https:\/\/jornaldeitaipava.com.br\/index.php\/2025\/08\/04\/conexao-marketing-e-inovacao-em-evento-gratuito-para-empresarios-em-itaipava\/","title":{"rendered":"Conex\u00e3o, marketing e inova\u00e7\u00e3o em evento gratuito para empres\u00e1rios em Itaipava"},"content":{"rendered":"\n<p class=\"has-text-align-center\"><strong>Encontro promovido pelo Sebrae Rio e Petr\u00f3polis Convention traz solu\u00e7\u00f5es para empreendedores, palestras e rodadas de neg\u00f3cios<\/strong><\/p>\n\n\n\n<p>Evento gratuito voltado a empreendedores de toda a regi\u00e3o, o\u201cItaipava Networking: Conex\u00e3o, Inova\u00e7\u00e3o e Neg\u00f3cios\u201d, dia 13 de agosto, vai mostrar como usar as novas ferramentas de marketing, promover conex\u00f5es estrat\u00e9gicas e apresentar solu\u00e7\u00f5es pr\u00e1ticas para os neg\u00f3cios locais. O evento \u00e9 promovido pelo Sebrae Rio em parceria com o Petr\u00f3polis Convention &amp; Visitors Bureau e inicia cedo: \u00e0s 8h \u2013 porque empreendedor que \u00e9 empreendedor j\u00e1 acorda com planos e, nesse dia, com agenda cheia desde o caf\u00e9. O evento \u00e9 gratuito, mas as vagas s\u00e3o limitadas. Podem participar empres\u00e1rios e empreendedores de diversos segmentos, principalmente com\u00e9rcio, servi\u00e7os e turismo. As inscri\u00e7\u00f5es podem ser feitas por meio do formul\u00e1rio&nbsp;<a href=\"https:\/\/forms.office.com\/r\/NACmG52MkK\" rel=\"noreferrer noopener\" target=\"_blank\">https:\/\/forms.office.com\/r\/NACmG52MkK<\/a>.<\/p>\n\n\n\n<p>A programa\u00e7\u00e3o inclui palestra sobre Marketing Digital e Intelig\u00eancia Artificial, apresenta\u00e7\u00e3o dos servi\u00e7os do Sebrae e uma sess\u00e3o de neg\u00f3cios para incentivar a troca de experi\u00eancias entre os participantes.<\/p>\n\n\n\n<p>Para o coordenador do Sebrae Rio em Petr\u00f3polis, Bruno Leonardo, &#8220;o evento \u00e9 uma oportunidade para os empres\u00e1rios se atualizarem, trocarem contatos e conhecerem como o Sebrae pode apoiar o desenvolvimento de seus neg\u00f3cios de forma pr\u00e1tica e acess\u00edvel.&#8221;<\/p>\n\n\n\n<p>\u201cAcreditamos que fortalecer o empreendedor local \u00e9 importante para o desenvolvimento sustent\u00e1vel de Petr\u00f3polis e da Regi\u00e3o Serrana. Este evento \u00e9 uma chance de promover inova\u00e7\u00e3o, ampliar conex\u00f5es e apresentar ferramentas que podem transformar a forma como os neg\u00f3cios se posicionam e se comunicam. Estar ao lado do Sebrae nessa iniciativa refor\u00e7a nosso compromisso com o crescimento do setor de turismo, com\u00e9rcio e servi\u00e7os\u201d, afirma Marco M\u00fcller, diretor executivo do Petr\u00f3polis Convention &amp; Visitors Bureau.<\/p>\n\n\n\n<p><strong>Servi\u00e7o:<br><\/strong>Data: 13 de agosto de 2025<br>Hor\u00e1rio: 8h<br>Local: Centro de Conven\u00e7\u00f5es Flat Itaipava Est Uni\u00e3o e Ind\u00fastria, 10.337 Itaipava\/RJ<\/p>\n\n\n\n<p>Inscri\u00e7\u00f5es:&nbsp;<a href=\"https:\/\/forms.office.com\/r\/NACmG52MkK\" rel=\"noreferrer noopener\" target=\"_blank\">https:\/\/forms.office.com\/r\/NACmG52MkK<\/a><\/p>\n\n\n\n<p>Mais informa\u00e7\u00f5es: (24) 2237-0062<\/p>\n","protected":false},"excerpt":{"rendered":"<p>Encontro promovido pelo Sebrae Rio e Petr\u00f3polis Convention traz solu\u00e7\u00f5es para empreendedores, palestras e rodadas<\/p>\n","protected":false},"author":1,"featured_media":47071,"comment_status":"closed","ping_status":"open","sticky":false,"template":"","format":"standard","meta":{"spay_email":"","footnotes":"","jetpack_publicize_message":""},"categories":[2],"tags":[],"jetpack_featured_media_url":"https:\/\/i2.wp.com\/jornaldeitaipava.com.br\/wp-content\/uploads\/2025\/08\/4.jpg?fit=1080%2C1080&ssl=1","jetpack_publicize_connections":[],"jetpack_sharing_enabled":true,"jetpack_likes_enabled":true,"jetpack-related-posts":[],"_links":{"self":[{"href":"https:\/\/jornaldeitaipava.com.br\/index.php\/wp-json\/wp\/v2\/posts\/47070"}],"collection":[{"href":"https:\/\/jornaldeitaipava.com.br\/index.php\/wp-json\/wp\/v2\/posts"}],"about":[{"href":"https:\/\/jornaldeitaipava.com.br\/index.php\/wp-json\/wp\/v2\/types\/post"}],"author":[{"embeddable":true,"href":"https:\/\/jornaldeitaipava.com.br\/index.php\/wp-json\/wp\/v2\/users\/1"}],"replies":[{"embeddable":true,"href":"https:\/\/jornaldeitaipava.com.br\/index.php\/wp-json\/wp\/v2\/comments?post=47070"}],"version-history":[{"count":1,"href":"https:\/\/jornaldeitaipava.com.br\/index.php\/wp-json\/wp\/v2\/posts\/47070\/revisions"}],"predecessor-version":[{"id":47072,"href":"https:\/\/jornaldeitaipava.com.br\/index.php\/wp-json\/wp\/v2\/posts\/47070\/revisions\/47072"}],"wp:featuredmedia":[{"embeddable":true,"href":"https:\/\/jornaldeitaipava.com.br\/index.php\/wp-json\/wp\/v2\/media\/47071"}],"wp:attachment":[{"href":"https:\/\/jornaldeitaipava.com.br\/index.php\/wp-json\/wp\/v2\/media?parent=47070"}],"wp:term":[{"taxonomy":"category","embeddable":true,"href":"https:\/\/jornaldeitaipava.com.br\/index.php\/wp-json\/wp\/v2\/categories?post=47070"},{"taxonomy":"post_tag","embeddable":true,"href":"https:\/\/jornaldeitaipava.com.br\/index.php\/wp-json\/wp\/v2\/tags?post=47070"}],"curies":[{"name":"wp","href":"https:\/\/api.w.org\/{rel}","templated":true}]}}