{"id":47223,"date":"2025-08-15T15:26:25","date_gmt":"2025-08-15T18:26:25","guid":{"rendered":"http:\/\/jornaldeitaipava.com.br\/?p=47223"},"modified":"2025-08-15T15:26:33","modified_gmt":"2025-08-15T18:26:33","slug":"morte-do-petropolitano-paulo-sergio-almeida-enluta-o-cinema-brasileiro","status":"publish","type":"post","link":"https:\/\/jornaldeitaipava.com.br\/index.php\/2025\/08\/15\/morte-do-petropolitano-paulo-sergio-almeida-enluta-o-cinema-brasileiro\/","title":{"rendered":"Morte do petropolitano Paulo S\u00e9rgio Almeida enluta o cinema brasileiro"},"content":{"rendered":"\n<p>Rede Cinemaxx e seu CEO, Gilberto Leal, lamentam a perda de uma das maiores refer\u00eancias do setor audiovisual no pa\u00eds<\/p>\n\n\n\n<p>O cinema brasileiro perdeu, na tarde da quinta-feira (14\/08), uma de suas figuras mais influentes e respeitadas. Paulo S\u00e9rgio Almeida, aos 80 anos, faleceu deixando um legado que atravessa d\u00e9cadas de dedica\u00e7\u00e3o \u00e0 an\u00e1lise, difus\u00e3o e fortalecimento do setor audiovisual nacional. Fundador da plataforma Filme B, refer\u00eancia incontest\u00e1vel na apura\u00e7\u00e3o de dados e tend\u00eancias da ind\u00fastria cinematogr\u00e1fica, Almeida construiu uma trajet\u00f3ria que uniu a realiza\u00e7\u00e3o art\u00edstica, a gest\u00e3o p\u00fablica e privada e a forma\u00e7\u00e3o de novas gera\u00e7\u00f5es de profissionais.<\/p>\n\n\n\n<p>Nascido em Petr\u00f3polis (RJ) em 28 de abril de 1945, iniciou a carreira como diretor, assinando t\u00edtulos como Beijo na Boca (1982), Banana Split (1988), Sonho de Ver\u00e3o (1991) e produ\u00e7\u00f5es de grande apelo popular como Xuxa Popstar (2000), Xuxa e os Duendes (2001) e Xuxa e os Duendes 2 \u2013 No Caminho das Fadas (2002). Em 1997, fundou a Filme B, consolidando sua posi\u00e7\u00e3o como especialista do mercado cinematogr\u00e1fico, com passagens de destaque pela Embrafilme e pela RioFilme, onde exerceu cargos estrat\u00e9gicos.<\/p>\n\n\n\n<p>Almeida tamb\u00e9m atuou como consultor para institui\u00e7\u00f5es e empresas de grande relev\u00e2ncia, entre elas a Globo Filmes, BNDES, Petrobras, Eletrobras e Ancine, al\u00e9m de ter integrado comiss\u00f5es de sele\u00e7\u00e3o de projetos e ministrado cursos e palestras no Brasil e no exterior. Seu \u00faltimo longa-metragem como diretor foi Inesquec\u00edvel (2007), mas seu papel como articulador e pensador do cinema brasileiro manteve-se ativo at\u00e9 os \u00faltimos anos, especialmente em eventos como o Ventana Sur, na Argentina.<\/p>\n\n\n\n<p>O CEO da Rede Cinemaxx, Gilberto Leal, expressou profundo pesar pela perda. \u201cComo \u00e9 triste perder essa refer\u00eancia. Paulo S\u00e9rgio Almeida foi mais do que um profissional exemplar; foi um amigo do cinema brasileiro, algu\u00e9m que acreditava na for\u00e7a da nossa ind\u00fastria e lutava por ela com dedica\u00e7\u00e3o e intelig\u00eancia. Sua aus\u00eancia ser\u00e1 sentida por todos n\u00f3s que amamos e trabalhamos pelo cinema.\u201d.<\/p>\n\n\n\n<p>A Rede Cinemaxx se solidariza com familiares, amigos e colegas de profiss\u00e3o, reconhecendo a import\u00e2ncia de Paulo S\u00e9rgio Almeida para o fortalecimento da cadeia cinematogr\u00e1fica no Brasil e para a mem\u00f3ria do cinema nacional.<\/p>\n","protected":false},"excerpt":{"rendered":"<p>Rede Cinemaxx e seu CEO, Gilberto Leal, lamentam a perda de uma das maiores refer\u00eancias<\/p>\n","protected":false},"author":1,"featured_media":47224,"comment_status":"closed","ping_status":"open","sticky":false,"template":"","format":"standard","meta":{"spay_email":"","footnotes":"","jetpack_publicize_message":""},"categories":[1],"tags":[],"jetpack_featured_media_url":"https:\/\/i1.wp.com\/jornaldeitaipava.com.br\/wp-content\/uploads\/2025\/08\/WhatsApp-Image-2025-08-15-at-11.43.34.jpeg?fit=900%2C506&ssl=1","jetpack_publicize_connections":[],"jetpack_sharing_enabled":true,"jetpack_likes_enabled":true,"jetpack-related-posts":[],"_links":{"self":[{"href":"https:\/\/jornaldeitaipava.com.br\/index.php\/wp-json\/wp\/v2\/posts\/47223"}],"collection":[{"href":"https:\/\/jornaldeitaipava.com.br\/index.php\/wp-json\/wp\/v2\/posts"}],"about":[{"href":"https:\/\/jornaldeitaipava.com.br\/index.php\/wp-json\/wp\/v2\/types\/post"}],"author":[{"embeddable":true,"href":"https:\/\/jornaldeitaipava.com.br\/index.php\/wp-json\/wp\/v2\/users\/1"}],"replies":[{"embeddable":true,"href":"https:\/\/jornaldeitaipava.com.br\/index.php\/wp-json\/wp\/v2\/comments?post=47223"}],"version-history":[{"count":1,"href":"https:\/\/jornaldeitaipava.com.br\/index.php\/wp-json\/wp\/v2\/posts\/47223\/revisions"}],"predecessor-version":[{"id":47225,"href":"https:\/\/jornaldeitaipava.com.br\/index.php\/wp-json\/wp\/v2\/posts\/47223\/revisions\/47225"}],"wp:featuredmedia":[{"embeddable":true,"href":"https:\/\/jornaldeitaipava.com.br\/index.php\/wp-json\/wp\/v2\/media\/47224"}],"wp:attachment":[{"href":"https:\/\/jornaldeitaipava.com.br\/index.php\/wp-json\/wp\/v2\/media?parent=47223"}],"wp:term":[{"taxonomy":"category","embeddable":true,"href":"https:\/\/jornaldeitaipava.com.br\/index.php\/wp-json\/wp\/v2\/categories?post=47223"},{"taxonomy":"post_tag","embeddable":true,"href":"https:\/\/jornaldeitaipava.com.br\/index.php\/wp-json\/wp\/v2\/tags?post=47223"}],"curies":[{"name":"wp","href":"https:\/\/api.w.org\/{rel}","templated":true}]}}