{"id":47229,"date":"2025-08-15T15:29:37","date_gmt":"2025-08-15T18:29:37","guid":{"rendered":"http:\/\/jornaldeitaipava.com.br\/?p=47229"},"modified":"2025-08-15T15:29:40","modified_gmt":"2025-08-15T18:29:40","slug":"rodoviarios-comemoram-conquista-na-regularizacao-do-fgts-da-turp","status":"publish","type":"post","link":"https:\/\/jornaldeitaipava.com.br\/index.php\/2025\/08\/15\/rodoviarios-comemoram-conquista-na-regularizacao-do-fgts-da-turp\/","title":{"rendered":"Rodovi\u00e1rios comemoram conquista na regulariza\u00e7\u00e3o do FGTS da TURP"},"content":{"rendered":"\n<p>Ap\u00f3s meses de negocia\u00e7\u00f5es e press\u00e3o sindical, empresa obt\u00e9m financiamento para quitar pend\u00eancias do Fundo de Garantia por Tempo de Servi\u00e7o<\/p>\n\n\n\n<p>O Sindicato dos Trabalhadores em Transportes Rodovi\u00e1rios anunciou com satisfa\u00e7\u00e3o um avan\u00e7o significativo para a categoria: a empresa TURP obteve um financiamento que permitir\u00e1 a regulariza\u00e7\u00e3o do FGTS \u2014 Fundo de Garantia por Tempo de Servi\u00e7o \u2014 de seus empregados. O resultado foi alcan\u00e7ado ap\u00f3s intensa atua\u00e7\u00e3o sindical, marcada por negocia\u00e7\u00f5es, reuni\u00f5es e reivindica\u00e7\u00f5es constantes.<\/p>\n\n\n\n<p>Para o presidente do Sindicato, Glauco da Costa, a medida representa um passo importante na defesa dos direitos trabalhistas. \u201cEssa \u00e9 mais uma prova de que n\u00e3o abrimos m\u00e3o de lutar pelos direitos dos trabalhadores. O FGTS \u00e9 um direito garantido por lei e estaremos sempre vigilantes para que ele seja cumprido na \u00edntegra\u201d, afirmou.<\/p>\n\n\n\n<p>&#8220;A negocia\u00e7\u00e3o com a Secretaria de Inspe\u00e7\u00e3o do Trabalho representa um passo muito importante, que demonstra o esfor\u00e7o e o compromisso da Turp Transporte de valorizar os rodovi\u00e1rios, essenciais para a continuidade e a qualidade do servi\u00e7o prestado aos petropolitanos. Seguimos com a confian\u00e7a de um cen\u00e1rio favor\u00e1vel para o transporte p\u00fablico, com o apoio dos nossos colaboradores&#8221;, disse Jean Moraes, diretor da Turp Transporte.<\/p>\n\n\n\n<p>O Sind. Rodovi\u00e1rios refor\u00e7a que seguir\u00e1 atento ao cumprimento do calend\u00e1rio de pagamentos e demais obriga\u00e7\u00f5es trabalhistas, assegurando que as conquistas previstas na Conven\u00e7\u00e3o Coletiva tamb\u00e9m sejam respeitadas.<\/p>\n","protected":false},"excerpt":{"rendered":"<p>Ap\u00f3s meses de negocia\u00e7\u00f5es e press\u00e3o sindical, empresa obt\u00e9m financiamento para quitar pend\u00eancias do Fundo<\/p>\n","protected":false},"author":1,"featured_media":37404,"comment_status":"closed","ping_status":"open","sticky":false,"template":"","format":"standard","meta":{"spay_email":"","footnotes":"","jetpack_publicize_message":""},"categories":[2],"tags":[],"jetpack_featured_media_url":"https:\/\/i2.wp.com\/jornaldeitaipava.com.br\/wp-content\/uploads\/2023\/11\/sindi-rodoviarios.jpeg?fit=1600%2C1143&ssl=1","jetpack_publicize_connections":[],"jetpack_sharing_enabled":true,"jetpack_likes_enabled":true,"jetpack-related-posts":[],"_links":{"self":[{"href":"https:\/\/jornaldeitaipava.com.br\/index.php\/wp-json\/wp\/v2\/posts\/47229"}],"collection":[{"href":"https:\/\/jornaldeitaipava.com.br\/index.php\/wp-json\/wp\/v2\/posts"}],"about":[{"href":"https:\/\/jornaldeitaipava.com.br\/index.php\/wp-json\/wp\/v2\/types\/post"}],"author":[{"embeddable":true,"href":"https:\/\/jornaldeitaipava.com.br\/index.php\/wp-json\/wp\/v2\/users\/1"}],"replies":[{"embeddable":true,"href":"https:\/\/jornaldeitaipava.com.br\/index.php\/wp-json\/wp\/v2\/comments?post=47229"}],"version-history":[{"count":1,"href":"https:\/\/jornaldeitaipava.com.br\/index.php\/wp-json\/wp\/v2\/posts\/47229\/revisions"}],"predecessor-version":[{"id":47230,"href":"https:\/\/jornaldeitaipava.com.br\/index.php\/wp-json\/wp\/v2\/posts\/47229\/revisions\/47230"}],"wp:featuredmedia":[{"embeddable":true,"href":"https:\/\/jornaldeitaipava.com.br\/index.php\/wp-json\/wp\/v2\/media\/37404"}],"wp:attachment":[{"href":"https:\/\/jornaldeitaipava.com.br\/index.php\/wp-json\/wp\/v2\/media?parent=47229"}],"wp:term":[{"taxonomy":"category","embeddable":true,"href":"https:\/\/jornaldeitaipava.com.br\/index.php\/wp-json\/wp\/v2\/categories?post=47229"},{"taxonomy":"post_tag","embeddable":true,"href":"https:\/\/jornaldeitaipava.com.br\/index.php\/wp-json\/wp\/v2\/tags?post=47229"}],"curies":[{"name":"wp","href":"https:\/\/api.w.org\/{rel}","templated":true}]}}