{"id":47231,"date":"2025-08-15T15:31:19","date_gmt":"2025-08-15T18:31:19","guid":{"rendered":"http:\/\/jornaldeitaipava.com.br\/?p=47231"},"modified":"2025-08-15T15:31:21","modified_gmt":"2025-08-15T18:31:21","slug":"startups-petropolitanas-participam-do-rio-innovation-week-2025","status":"publish","type":"post","link":"https:\/\/jornaldeitaipava.com.br\/index.php\/2025\/08\/15\/startups-petropolitanas-participam-do-rio-innovation-week-2025\/","title":{"rendered":"Startups petropolitanas participam do Rio Innovation Week 2025"},"content":{"rendered":"\n<p>Durante a 5\u00aa edi\u00e7\u00e3o da maior confer\u00eancia global de tecnologia e inova\u00e7\u00e3o, 15 startups de Petr\u00f3polis foram selecionadas para participarem da \u201cetapa Pitch zero\u201d no palco Disruptivo. Elas fazem parte do programa HUBRJ 2025 da FAPERJ e puderam apresentar suas propostas visando fortalecer o ecossistema de inova\u00e7\u00e3o no Rio de Janeiro.<\/p>\n\n\n\n<p>Entre elas est\u00e3o a EducaTech (@educatech_educacao_tecnologica) e a Evosfera (@evosferahub) plataformas de capacita\u00e7\u00e3o de educadores e alunos que utilizam Intelig\u00eancia Artificial no processo. Representadas respectivamente pelos CEO\u00b4s Sandro Sodr\u00e9 e Jeferson dos Santos, empreendedores petropolitanos, que trouxeram solu\u00e7\u00f5es na \u00e1rea de tecnologia educacional.<\/p>\n\n\n\n<p>Segundo Sandro, a Startup surgiu durante o trabalho em uma conversa com Gabriel Bordon e Ester Gastaldo, que se tornaram CMO e CFO e da EducaTech. Ao compartilharem as informa\u00e7\u00f5es com Cl\u00e1udio Magnavita, diretor-presidente da TV Correio da Manh\u00e3, o trio foi orientado a trilhar um caminho que passou pelo SerraTec e chegou ao edital da FAPERJ. Para Sandro, esta foi uma \u00f3tima oportunidade para aprender mais sobre o setor e, claro, fazer network.<\/p>\n\n\n\n<p>\u201cNosso objetivo foi criar uma plataforma\/app que funcionar\u00e1 como um hub centralizado, oferecendo cursos com recursos exclusivos, metodologias, oficinas e planos de aula estruturados para guiar educadores e alunos no processo de produ\u00e7\u00e3o audiovisual, utilizando o smartphone como ferramenta pedag\u00f3gica. O foco \u00e9 a cria\u00e7\u00e3o de v\u00eddeos pelos pr\u00f3prios alunos, que abordem temas de alta relev\u00e2ncia social e curricular, como bullying, inclus\u00e3o, preconceito, cidadania e meio ambiente\u201d, explicou o CEO Sandro Sodr\u00e9.<\/p>\n\n\n\n<p><strong>Saiba mais<\/strong><\/p>\n\n\n\n<p>A FAPERJ \u2013 Funda\u00e7\u00e3o Carlos Chagas Filho de Amparo \u00e0 Pesquisa do Estado do Rio de Janeiro \u2013 desempenha um papel fundamental na viabiliza\u00e7\u00e3o dessas startups, refor\u00e7ando o ecossistema de inova\u00e7\u00e3o e promovendo o desenvolvimento cient\u00edfico e tecnol\u00f3gico no estado. A ag\u00eancia de fomento apoia projetos e programas de institui\u00e7\u00f5es acad\u00eamicas e de pesquisa, contribuindo para a difus\u00e3o de ambientes de inova\u00e7\u00e3o em tecnologia digital no RJ.<\/p>\n\n\n\n<p>Vale ressaltar, que o Programa HUB RJ Startup 2025, selecionou 231 projetos por meio da FAPERJ, e divulgou a lista de contemplados para a primeira etapa do programa (Apoio \u00e0 Difus\u00e3o de Ambiente de Inova\u00e7\u00e3o em Tecnologia Digital). O an\u00fancio ocorreu em 24 de junho, ap\u00f3s avalia\u00e7\u00e3o do Comit\u00ea Especial de Julgamento, composto por representantes do ecossistema de inova\u00e7\u00e3o. Os projetos pr\u00e9-selecionados seguem para o Programa Avan\u00e7ado de Forma\u00e7\u00e3o Empreendedora (PAFE) e, posteriormente, para as fases subsequentes, com foco no desenvolvimento efetivo dos empreendimentos.<\/p>\n","protected":false},"excerpt":{"rendered":"<p>Durante a 5\u00aa edi\u00e7\u00e3o da maior confer\u00eancia global de tecnologia e inova\u00e7\u00e3o, 15 startups de<\/p>\n","protected":false},"author":1,"featured_media":47232,"comment_status":"closed","ping_status":"open","sticky":false,"template":"","format":"standard","meta":{"spay_email":"","footnotes":"","jetpack_publicize_message":""},"categories":[2],"tags":[],"jetpack_featured_media_url":"https:\/\/i1.wp.com\/jornaldeitaipava.com.br\/wp-content\/uploads\/2025\/08\/WhatsApp-Image-2025-08-14-at-18.10.02-e1755282665553.jpeg?fit=898%2C636&ssl=1","jetpack_publicize_connections":[],"jetpack_sharing_enabled":true,"jetpack_likes_enabled":true,"jetpack-related-posts":[],"_links":{"self":[{"href":"https:\/\/jornaldeitaipava.com.br\/index.php\/wp-json\/wp\/v2\/posts\/47231"}],"collection":[{"href":"https:\/\/jornaldeitaipava.com.br\/index.php\/wp-json\/wp\/v2\/posts"}],"about":[{"href":"https:\/\/jornaldeitaipava.com.br\/index.php\/wp-json\/wp\/v2\/types\/post"}],"author":[{"embeddable":true,"href":"https:\/\/jornaldeitaipava.com.br\/index.php\/wp-json\/wp\/v2\/users\/1"}],"replies":[{"embeddable":true,"href":"https:\/\/jornaldeitaipava.com.br\/index.php\/wp-json\/wp\/v2\/comments?post=47231"}],"version-history":[{"count":1,"href":"https:\/\/jornaldeitaipava.com.br\/index.php\/wp-json\/wp\/v2\/posts\/47231\/revisions"}],"predecessor-version":[{"id":47233,"href":"https:\/\/jornaldeitaipava.com.br\/index.php\/wp-json\/wp\/v2\/posts\/47231\/revisions\/47233"}],"wp:featuredmedia":[{"embeddable":true,"href":"https:\/\/jornaldeitaipava.com.br\/index.php\/wp-json\/wp\/v2\/media\/47232"}],"wp:attachment":[{"href":"https:\/\/jornaldeitaipava.com.br\/index.php\/wp-json\/wp\/v2\/media?parent=47231"}],"wp:term":[{"taxonomy":"category","embeddable":true,"href":"https:\/\/jornaldeitaipava.com.br\/index.php\/wp-json\/wp\/v2\/categories?post=47231"},{"taxonomy":"post_tag","embeddable":true,"href":"https:\/\/jornaldeitaipava.com.br\/index.php\/wp-json\/wp\/v2\/tags?post=47231"}],"curies":[{"name":"wp","href":"https:\/\/api.w.org\/{rel}","templated":true}]}}