{"id":47234,"date":"2025-08-15T15:32:49","date_gmt":"2025-08-15T18:32:49","guid":{"rendered":"http:\/\/jornaldeitaipava.com.br\/?p=47234"},"modified":"2025-08-15T15:32:54","modified_gmt":"2025-08-15T18:32:54","slug":"confira-as-interdicoes-no-transito-com-os-eventos-deste-fim-de-semana-em-petropolis","status":"publish","type":"post","link":"https:\/\/jornaldeitaipava.com.br\/index.php\/2025\/08\/15\/confira-as-interdicoes-no-transito-com-os-eventos-deste-fim-de-semana-em-petropolis\/","title":{"rendered":"Confira as interdi\u00e7\u00f5es no tr\u00e2nsito com os eventos deste fim de semana em Petr\u00f3polis"},"content":{"rendered":"\n<p>Neste fim de semana, entre 15 e 17 de agosto, haver\u00e1 mudan\u00e7as no tr\u00e2nsito em alguns pontos da cidade. A principal deles acontece no Centro Hist\u00f3rico, entre a Pra\u00e7a Visconde de Mau\u00e1 (Pra\u00e7a da \u00c1guia) e a Avenida Tiradentes, que recebem o 2\u00ba Imperial Moto Week.<\/p>\n\n\n\n<p>A Avenida Tiradentes, no Centro, est\u00e1 fechada ao tr\u00e2nsito de ve\u00edculos e a parada e o estacionamento ao longo da via. A interdi\u00e7\u00e3o acontece at\u00e9 o trecho da Pra\u00e7a Princesa Isabel. Tamb\u00e9m por causa do evento, o entorno da Pra\u00e7a Visconde de Mau\u00e1 (Pra\u00e7a da \u00c1guia) tamb\u00e9m est\u00e1 interditado e com estacionamento proibido. As mudan\u00e7as seguem at\u00e9 domingo (17\/08).<\/p>\n\n\n\n<p>Outro evento que provoca altera\u00e7\u00f5es no tr\u00e2nsito, \u00e9 o Serra Bugs, que acontece no Parque Municipal Prefeito Paulo Rattes, em Itaipava, entre 8h e 0h, a partir desta sexta-feira (15\/08). As vagas de estacionamento em frente ao parque n\u00e3o poder\u00e3o ser utilizadas at\u00e9 domingo. A \u00e1rea foi sinalizada e agentes de tr\u00e2nsito orientam os motoristas.<\/p>\n\n\n\n<p>No Castelo S\u00e3o Manoel, em Corr\u00eaas, a Rua Capit\u00e3o Jo\u00e3o Am\u00e2ncio de Souza Coutinho (antiga Rua 11) ter\u00e1 interdi\u00e7\u00f5es, at\u00e9 domingo, por conta da realiza\u00e7\u00e3o da Festa Agostina. A recomenda\u00e7\u00e3o para os motoristas \u00e9 buscar rotas alternativas na regi\u00e3o.<\/p>\n","protected":false},"excerpt":{"rendered":"<p>Neste fim de semana, entre 15 e 17 de agosto, haver\u00e1 mudan\u00e7as no tr\u00e2nsito em<\/p>\n","protected":false},"author":1,"featured_media":11686,"comment_status":"closed","ping_status":"open","sticky":false,"template":"","format":"standard","meta":{"spay_email":"","footnotes":"","jetpack_publicize_message":""},"categories":[24],"tags":[],"jetpack_featured_media_url":"https:\/\/i2.wp.com\/jornaldeitaipava.com.br\/wp-content\/uploads\/2021\/03\/cidade-1.jpg?fit=496%2C334&ssl=1","jetpack_publicize_connections":[],"jetpack_sharing_enabled":true,"jetpack_likes_enabled":true,"jetpack-related-posts":[],"_links":{"self":[{"href":"https:\/\/jornaldeitaipava.com.br\/index.php\/wp-json\/wp\/v2\/posts\/47234"}],"collection":[{"href":"https:\/\/jornaldeitaipava.com.br\/index.php\/wp-json\/wp\/v2\/posts"}],"about":[{"href":"https:\/\/jornaldeitaipava.com.br\/index.php\/wp-json\/wp\/v2\/types\/post"}],"author":[{"embeddable":true,"href":"https:\/\/jornaldeitaipava.com.br\/index.php\/wp-json\/wp\/v2\/users\/1"}],"replies":[{"embeddable":true,"href":"https:\/\/jornaldeitaipava.com.br\/index.php\/wp-json\/wp\/v2\/comments?post=47234"}],"version-history":[{"count":1,"href":"https:\/\/jornaldeitaipava.com.br\/index.php\/wp-json\/wp\/v2\/posts\/47234\/revisions"}],"predecessor-version":[{"id":47235,"href":"https:\/\/jornaldeitaipava.com.br\/index.php\/wp-json\/wp\/v2\/posts\/47234\/revisions\/47235"}],"wp:featuredmedia":[{"embeddable":true,"href":"https:\/\/jornaldeitaipava.com.br\/index.php\/wp-json\/wp\/v2\/media\/11686"}],"wp:attachment":[{"href":"https:\/\/jornaldeitaipava.com.br\/index.php\/wp-json\/wp\/v2\/media?parent=47234"}],"wp:term":[{"taxonomy":"category","embeddable":true,"href":"https:\/\/jornaldeitaipava.com.br\/index.php\/wp-json\/wp\/v2\/categories?post=47234"},{"taxonomy":"post_tag","embeddable":true,"href":"https:\/\/jornaldeitaipava.com.br\/index.php\/wp-json\/wp\/v2\/tags?post=47234"}],"curies":[{"name":"wp","href":"https:\/\/api.w.org\/{rel}","templated":true}]}}