{"id":47236,"date":"2025-08-15T15:40:45","date_gmt":"2025-08-15T18:40:45","guid":{"rendered":"http:\/\/jornaldeitaipava.com.br\/?p=47236"},"modified":"2025-08-15T15:40:49","modified_gmt":"2025-08-15T18:40:49","slug":"projeto-de-lei-estabelece-regras-e-punicoes-contra-sexualizacao-infantil","status":"publish","type":"post","link":"https:\/\/jornaldeitaipava.com.br\/index.php\/2025\/08\/15\/projeto-de-lei-estabelece-regras-e-punicoes-contra-sexualizacao-infantil\/","title":{"rendered":"Projeto de Lei estabelece regras e puni\u00e7\u00f5es contra sexualiza\u00e7\u00e3o infantil"},"content":{"rendered":"\n<p>Foi aprovado, nesta quinta-feira (14), o projeto de lei de autoria do vereador J\u00fanior Paix\u00e3o que estabelece medidas de preven\u00e7\u00e3o, combate e responsabiliza\u00e7\u00e3o contra a sexualiza\u00e7\u00e3o e a exposi\u00e7\u00e3o inadequada de crian\u00e7as e adolescentes em espa\u00e7os p\u00fablicos e privados, eventos, m\u00eddias e servi\u00e7os no munic\u00edpio.<\/p>\n\n\n\n<p>A nova legisla\u00e7\u00e3o pro\u00edbe a veicula\u00e7\u00e3o de imagens, textos, performances ou produtos que promovam conte\u00fado sexualizado ou \u201cadultizado\u201d para menores de idade, seja em ambientes p\u00fablicos, eventos com apoio municipal ou materiais financiados pelo poder p\u00fablico. Tamb\u00e9m ficam vedadas campanhas publicit\u00e1rias e a\u00e7\u00f5es promocionais com conte\u00fado sugestivo ou incompat\u00edvel com a faixa et\u00e1ria infantil.<\/p>\n\n\n\n<p>Segundo o vereador, a iniciativa est\u00e1 alinhada ao Estatuto da Crian\u00e7a e do Adolescente e \u00e0 Constitui\u00e7\u00e3o Federal, refor\u00e7ando a obriga\u00e7\u00e3o da fam\u00edlia, da sociedade e do Estado de garantir a prote\u00e7\u00e3o integral dos menores de idade, preservando seu desenvolvimento f\u00edsico, psicol\u00f3gico e moral.<\/p>\n\n\n\n<p>Entre as principais medidas, est\u00e3o a cria\u00e7\u00e3o de um N\u00facleo de Prote\u00e7\u00e3o \u00e0 Inf\u00e2ncia, respons\u00e1vel por receber den\u00fancias, fiscalizar eventos e articular a\u00e7\u00f5es com \u00f3rg\u00e3os como o Conselho Tutelar e o Minist\u00e9rio P\u00fablico; a obrigatoriedade de capacita\u00e7\u00e3o anual para servidores das \u00e1reas de educa\u00e7\u00e3o, sa\u00fade, cultura, assist\u00eancia social e seguran\u00e7a; e a promo\u00e7\u00e3o de campanhas educativas sobre os riscos da sexualiza\u00e7\u00e3o precoce e o uso seguro das redes sociais.<\/p>\n\n\n\n<p>O texto ainda prev\u00ea san\u00e7\u00f5es para quem descumprir a lei, que v\u00e3o de advert\u00eancia e multa at\u00e9 suspens\u00e3o ou cassa\u00e7\u00e3o de alvar\u00e1s, dependendo da gravidade da infra\u00e7\u00e3o. Os valores arrecadados com multas ser\u00e3o destinados a programas de prote\u00e7\u00e3o, preven\u00e7\u00e3o e atendimento psicossocial a crian\u00e7as e adolescentes.<\/p>\n","protected":false},"excerpt":{"rendered":"<p>Foi aprovado, nesta quinta-feira (14), o projeto de lei de autoria do vereador J\u00fanior Paix\u00e3o<\/p>\n","protected":false},"author":1,"featured_media":12234,"comment_status":"closed","ping_status":"open","sticky":false,"template":"","format":"standard","meta":{"spay_email":"","footnotes":"","jetpack_publicize_message":""},"categories":[24],"tags":[],"jetpack_featured_media_url":"https:\/\/i1.wp.com\/jornaldeitaipava.com.br\/wp-content\/uploads\/2021\/03\/camara-1.jpg?fit=529%2C292&ssl=1","jetpack_publicize_connections":[],"jetpack_sharing_enabled":true,"jetpack_likes_enabled":true,"jetpack-related-posts":[],"_links":{"self":[{"href":"https:\/\/jornaldeitaipava.com.br\/index.php\/wp-json\/wp\/v2\/posts\/47236"}],"collection":[{"href":"https:\/\/jornaldeitaipava.com.br\/index.php\/wp-json\/wp\/v2\/posts"}],"about":[{"href":"https:\/\/jornaldeitaipava.com.br\/index.php\/wp-json\/wp\/v2\/types\/post"}],"author":[{"embeddable":true,"href":"https:\/\/jornaldeitaipava.com.br\/index.php\/wp-json\/wp\/v2\/users\/1"}],"replies":[{"embeddable":true,"href":"https:\/\/jornaldeitaipava.com.br\/index.php\/wp-json\/wp\/v2\/comments?post=47236"}],"version-history":[{"count":1,"href":"https:\/\/jornaldeitaipava.com.br\/index.php\/wp-json\/wp\/v2\/posts\/47236\/revisions"}],"predecessor-version":[{"id":47237,"href":"https:\/\/jornaldeitaipava.com.br\/index.php\/wp-json\/wp\/v2\/posts\/47236\/revisions\/47237"}],"wp:featuredmedia":[{"embeddable":true,"href":"https:\/\/jornaldeitaipava.com.br\/index.php\/wp-json\/wp\/v2\/media\/12234"}],"wp:attachment":[{"href":"https:\/\/jornaldeitaipava.com.br\/index.php\/wp-json\/wp\/v2\/media?parent=47236"}],"wp:term":[{"taxonomy":"category","embeddable":true,"href":"https:\/\/jornaldeitaipava.com.br\/index.php\/wp-json\/wp\/v2\/categories?post=47236"},{"taxonomy":"post_tag","embeddable":true,"href":"https:\/\/jornaldeitaipava.com.br\/index.php\/wp-json\/wp\/v2\/tags?post=47236"}],"curies":[{"name":"wp","href":"https:\/\/api.w.org\/{rel}","templated":true}]}}