{"id":47238,"date":"2025-08-15T15:46:04","date_gmt":"2025-08-15T18:46:04","guid":{"rendered":"http:\/\/jornaldeitaipava.com.br\/?p=47238"},"modified":"2025-08-15T15:46:06","modified_gmt":"2025-08-15T18:46:06","slug":"hortomercado-municipal-completa-36-anos-neste-sabado-com-programacao-aberta-ao-publico","status":"publish","type":"post","link":"https:\/\/jornaldeitaipava.com.br\/index.php\/2025\/08\/15\/hortomercado-municipal-completa-36-anos-neste-sabado-com-programacao-aberta-ao-publico\/","title":{"rendered":"Hortomercado Municipal completa 36 anos neste s\u00e1bado com programa\u00e7\u00e3o aberta ao p\u00fablico"},"content":{"rendered":"\n<p class=\"has-text-align-center\">Hortomercado Municipal, ponto de encontro de turistas e petropolitanos.<\/p>\n\n\n\n<p>Neste s\u00e1bado (16), o Hortomercado Municipal, tamb\u00e9m conhecido como Horto, completa 36 anos. Um anivers\u00e1rio que ser\u00e1 marcado por uma s\u00e9rie de comemora\u00e7\u00f5es a partir das 9h30, com a apresenta\u00e7\u00e3o da banda do 32\u00ba BIL,al\u00e9m de homenagens e entrega de melhorias que o espa\u00e7o vem recebendo ao longo dos \u00faltimos meses.<\/p>\n\n\n\n<p>\u201cO Horto \u00e9 um espa\u00e7o muito importante para a nossa cidade, n\u00e3o apenas por oferecer o melhor da produ\u00e7\u00e3o local, dos produtores rurais da cidade, mas tamb\u00e9m por ser um espa\u00e7o cultural, importante tamb\u00e9m para o com\u00e9rcio e o turismo da cidade. Esperamos que os petropolitanos prestigiem essa comemora\u00e7\u00e3o\u201d, ressalta o prefeito Hingo Hammes.<\/p>\n\n\n\n<p>Logo depois da abertura do evento, com a apresenta\u00e7\u00e3o da banda do Ex\u00e9rcito, haver\u00e1 ainda uma s\u00e9rie de homenagens aos produtores e respons\u00e1veis pela consolida\u00e7\u00e3o do Horto Municipal nos \u00faltimos 36 anos.<\/p>\n\n\n\n<p>\u201cO Horto \u00e9 o que \u00e9 hoje por conta dessas pessoas que tornaram esse espa\u00e7o t\u00e3o importante para a nossa cultura e produ\u00e7\u00e3o rural. Por isso, a homenagem, uma entrega de certificados para essas pessoas fundamentais para a hist\u00f3ria do espa\u00e7o. S\u00f3 nos fins de semana, s\u00e3o em m\u00e9dia cerca de mil pessoas circulando pelo Horto, que conta com 35 barracas de produtores locais, tr\u00eas lojas e uma lanchonete. O espa\u00e7o \u00e9 uma vitrine e mostra a qualidade dos produtos que s\u00e3o cultivados na nossa cidade, atendendo a todos os gostos, inclusive com a oferta de org\u00e2nicos. O Horto \u00e9 divulgador da agricultura da nossa cidade, assim como o Petr\u00f3polis \u00e9 capital estadual dos produtos org\u00e2nicos\u201d, revelou Samir El Ghaoui, secret\u00e1rio de Desenvolvimento Econ\u00f4mico.<\/p>\n\n\n\n<p>Desde o in\u00edcio da atual gest\u00e3o, houve um planejamento do poder p\u00fablico para realizar revitaliza\u00e7\u00f5es no espa\u00e7o. Na cerim\u00f4nia de anivers\u00e1rio ser\u00e3o entregues algumas dessas melhorias, como a pintura do espa\u00e7o e outras interven\u00e7\u00f5es de manuten\u00e7\u00e3o. \u201cTamb\u00e9m estamos entregando duas c\u00e2meras de monitoramento e uma rede wi-fi gratuita para os visitantes\u201d, informa o secret\u00e1rio de Desenvolvimento Econ\u00f4mico.<\/p>\n\n\n\n<p>O Hortomercado Municipal funciona \u00e0s sextas-feiras e s\u00e1bados, de 8h \u00e0s 18h, e aos domingos, das 8h \u00e0s 13h. O espa\u00e7o \u00e9 considerado modelo no cen\u00e1rio da agricultura estadual e foi criado com o intuito de organizar o espa\u00e7o rural no munic\u00edpio, focado na comercializa\u00e7\u00e3o de produtos artesanais e de horticultura (hortali\u00e7as, leguminosas e flores), al\u00e9m de frutas e latic\u00ednios. Os produtos comercializados no espa\u00e7o s\u00e3o na maioria frutos neg\u00f3cios familiares, que passam de pai para filho.<\/p>\n\n\n\n<p>Al\u00e9m disso, se tornou nos \u00faltimos anos em um importante polo de turismo rural e gastron\u00f4mico, sendo refer\u00eancia em seguran\u00e7a alimentar e reaproveitamento de produtos.<\/p>\n","protected":false},"excerpt":{"rendered":"<p>Hortomercado Municipal, ponto de encontro de turistas e petropolitanos. Neste s\u00e1bado (16), o Hortomercado Municipal,<\/p>\n","protected":false},"author":1,"featured_media":27933,"comment_status":"closed","ping_status":"open","sticky":false,"template":"","format":"standard","meta":{"spay_email":"","footnotes":"","jetpack_publicize_message":""},"categories":[42],"tags":[],"jetpack_featured_media_url":"https:\/\/i1.wp.com\/jornaldeitaipava.com.br\/wp-content\/uploads\/2022\/05\/HORTO.jpg?fit=600%2C338&ssl=1","jetpack_publicize_connections":[],"jetpack_sharing_enabled":true,"jetpack_likes_enabled":true,"jetpack-related-posts":[],"_links":{"self":[{"href":"https:\/\/jornaldeitaipava.com.br\/index.php\/wp-json\/wp\/v2\/posts\/47238"}],"collection":[{"href":"https:\/\/jornaldeitaipava.com.br\/index.php\/wp-json\/wp\/v2\/posts"}],"about":[{"href":"https:\/\/jornaldeitaipava.com.br\/index.php\/wp-json\/wp\/v2\/types\/post"}],"author":[{"embeddable":true,"href":"https:\/\/jornaldeitaipava.com.br\/index.php\/wp-json\/wp\/v2\/users\/1"}],"replies":[{"embeddable":true,"href":"https:\/\/jornaldeitaipava.com.br\/index.php\/wp-json\/wp\/v2\/comments?post=47238"}],"version-history":[{"count":1,"href":"https:\/\/jornaldeitaipava.com.br\/index.php\/wp-json\/wp\/v2\/posts\/47238\/revisions"}],"predecessor-version":[{"id":47239,"href":"https:\/\/jornaldeitaipava.com.br\/index.php\/wp-json\/wp\/v2\/posts\/47238\/revisions\/47239"}],"wp:featuredmedia":[{"embeddable":true,"href":"https:\/\/jornaldeitaipava.com.br\/index.php\/wp-json\/wp\/v2\/media\/27933"}],"wp:attachment":[{"href":"https:\/\/jornaldeitaipava.com.br\/index.php\/wp-json\/wp\/v2\/media?parent=47238"}],"wp:term":[{"taxonomy":"category","embeddable":true,"href":"https:\/\/jornaldeitaipava.com.br\/index.php\/wp-json\/wp\/v2\/categories?post=47238"},{"taxonomy":"post_tag","embeddable":true,"href":"https:\/\/jornaldeitaipava.com.br\/index.php\/wp-json\/wp\/v2\/tags?post=47238"}],"curies":[{"name":"wp","href":"https:\/\/api.w.org\/{rel}","templated":true}]}}