{"id":47240,"date":"2025-08-15T15:47:59","date_gmt":"2025-08-15T18:47:59","guid":{"rendered":"http:\/\/jornaldeitaipava.com.br\/?p=47240"},"modified":"2025-08-15T15:48:03","modified_gmt":"2025-08-15T18:48:03","slug":"prefeitura-promove-segundo-dia-d-contra-dengue","status":"publish","type":"post","link":"https:\/\/jornaldeitaipava.com.br\/index.php\/2025\/08\/15\/prefeitura-promove-segundo-dia-d-contra-dengue\/","title":{"rendered":"Prefeitura promove segundo Dia D contra Dengue"},"content":{"rendered":"\n<p>A Prefeitura promove neste s\u00e1bado (16\/08) o segundo Dia D do ano de mobiliza\u00e7\u00e3o contra o mosquito Aedes aegypti, transmissor de doen\u00e7as como Dengue, Zika e Chikungunya. Diversas secretarias v\u00e3o estar mobilizadas com a\u00e7\u00f5es para combater os focos do mosquito, das 9h \u00e0s 14h. Uma equipe com 88 agentes de combate \u00e0s endemias (ACE) vai atuar em diversas regi\u00f5es do munic\u00edpio com a\u00e7\u00f5es de conscientiza\u00e7\u00e3o, fazendo visitas domiciliares e distribuindo material informativo.<\/p>\n\n\n\n<p>\u201cO Dia D contra a dengue \u00e9 um chamado para a popula\u00e7\u00e3o se mobilizar junto com a gente no combate ao mosquito Aedes aegypti e assim proteger vidas. A dengue n\u00e3o escolhe v\u00edtimas e pode afetar qualquer um de n\u00f3s.\u201d, comentou o prefeito Hingo Hammes.<\/p>\n\n\n\n<p>A Secretaria de Defesa Civil vai realizar o toque de sirenes com \u00e1udio de cuidados relacionados \u00e0 dengue e envio de SMS. A Companhia de Desenvolvimento de Petr\u00f3polis (Comdep) vai disponibilizar um carro de som para percorrer as comunidades e fazer a retirada de entulho em alguns pontos da cidade.<\/p>\n\n\n\n<p>V\u00e3o acontecer a\u00e7\u00f5es tamb\u00e9m nos terminais rodovi\u00e1rios do Centro, Bingen, Itamarati e estabelecimentos comerciais, onde ser\u00e3o distribu\u00eddos panfletos. A mobiliza\u00e7\u00e3o tamb\u00e9m vai acontecer na edi\u00e7\u00e3o do programa Petr\u00f3polis do Bem que neste s\u00e1bado acontece em Corr\u00eaas. Al\u00e9m disso, 27 unidades de sa\u00fade v\u00e3o estar oferecendo a vacina conta a dengue, indicada para crian\u00e7as e adolescentes de 10 a 14 anos.<\/p>\n\n\n\n<p>\u201cCriar esta conscientiza\u00e7\u00e3o sobre a import\u00e2ncia de combater os focos do mosquito da dengue \u00e9 garantir a sa\u00fade da popula\u00e7\u00e3o e por isso estamos com nossas equipes mobilizadas nesta luta\u201d, explicou o secret\u00e1rio de Sa\u00fade, Lu\u00eds Cruzick.<\/p>\n\n\n\n<p>Ao longo da semana Secretaria de Assist\u00eancia Social faz uma conscientiza\u00e7\u00e3o com grupos de mulheres nos Centros de Refer\u00eancia e Assist\u00eancia Social (Cras) e nos atendimentos domiciliares atrav\u00e9s das visitas do Programa Crian\u00e7a Feliz. As a\u00e7\u00f5es tamb\u00e9m est\u00e3o sendo realizadas nos Centros de Aten\u00e7\u00e3o Psicossociais (Caps) e na rede municipal de Educa\u00e7\u00e3o. Nesta sexta-feira (15\/08) as \u00e1reas t\u00e9cnicas da Secretaria de Sa\u00fade e o Programa Sa\u00fade na Escola realizam uma pe\u00e7a teatral com crian\u00e7as sobre os cuidados para evitar a prolifera\u00e7\u00e3o do mosquito Aedes aegypti. O evento ser\u00e1 na Escola Municipal Augusto Pugnaloni, em Itaipava. No mesmo dia, a Secretaria Municipal de Meio Ambiente far\u00e1 uma panfletagem no Parque Municipal Padre Quinha, na Avenida Ipiranga, no Centro.<\/p>\n\n\n\n<p>Veja a lista dos postos que v\u00e3o oferecer a vacina contra dengue:<\/p>\n\n\n\n<p>Amazonas<br>Vila Rica<br>Moinho Preto<br>Vila Felipe<br>Alto da Serra<br>Posse<br>Morin<br>Centro de Sa\u00fade Coletiva Professor Manoel Jos\u00e9 Ferreira<br>Ambulat\u00f3rio do Hospital Alcides Carneiro (HAC)<br>UBS Itamaraty<br>UBS Itaipava<br>UBS Vicenzo Rivetti<br>UBS Independ\u00eancia<br>Vale do Carangola<br>PSF Menino Jesus de Praga<br>PSF Caxambu &#8211; Santa Isabel<br>PSF Sargento Boening<br>PSF Sim\u00e9ria<br>PSF Fazenda Inglesa<br>PSF S\u00e3o Jo\u00e3o Batista<br>PSF Bonfim<br>UBS Quitandinha<br>PSF Araras<br>Ambulat\u00f3rio Escola de Cascatinha<br>PSF Bataillard<br>PSF Secret\u00e1rio<br>PSF Oswaldo Cruz<\/p>\n","protected":false},"excerpt":{"rendered":"<p>A Prefeitura promove neste s\u00e1bado (16\/08) o segundo Dia D do ano de mobiliza\u00e7\u00e3o contra<\/p>\n","protected":false},"author":1,"featured_media":47241,"comment_status":"closed","ping_status":"open","sticky":false,"template":"","format":"standard","meta":{"spay_email":"","footnotes":"","jetpack_publicize_message":""},"categories":[24],"tags":[],"jetpack_featured_media_url":"https:\/\/i2.wp.com\/jornaldeitaipava.com.br\/wp-content\/uploads\/2025\/08\/WhatsApp-Image-2025-08-15-at-10.25.56.jpeg?fit=1600%2C1066&ssl=1","jetpack_publicize_connections":[],"jetpack_sharing_enabled":true,"jetpack_likes_enabled":true,"jetpack-related-posts":[],"_links":{"self":[{"href":"https:\/\/jornaldeitaipava.com.br\/index.php\/wp-json\/wp\/v2\/posts\/47240"}],"collection":[{"href":"https:\/\/jornaldeitaipava.com.br\/index.php\/wp-json\/wp\/v2\/posts"}],"about":[{"href":"https:\/\/jornaldeitaipava.com.br\/index.php\/wp-json\/wp\/v2\/types\/post"}],"author":[{"embeddable":true,"href":"https:\/\/jornaldeitaipava.com.br\/index.php\/wp-json\/wp\/v2\/users\/1"}],"replies":[{"embeddable":true,"href":"https:\/\/jornaldeitaipava.com.br\/index.php\/wp-json\/wp\/v2\/comments?post=47240"}],"version-history":[{"count":1,"href":"https:\/\/jornaldeitaipava.com.br\/index.php\/wp-json\/wp\/v2\/posts\/47240\/revisions"}],"predecessor-version":[{"id":47242,"href":"https:\/\/jornaldeitaipava.com.br\/index.php\/wp-json\/wp\/v2\/posts\/47240\/revisions\/47242"}],"wp:featuredmedia":[{"embeddable":true,"href":"https:\/\/jornaldeitaipava.com.br\/index.php\/wp-json\/wp\/v2\/media\/47241"}],"wp:attachment":[{"href":"https:\/\/jornaldeitaipava.com.br\/index.php\/wp-json\/wp\/v2\/media?parent=47240"}],"wp:term":[{"taxonomy":"category","embeddable":true,"href":"https:\/\/jornaldeitaipava.com.br\/index.php\/wp-json\/wp\/v2\/categories?post=47240"},{"taxonomy":"post_tag","embeddable":true,"href":"https:\/\/jornaldeitaipava.com.br\/index.php\/wp-json\/wp\/v2\/tags?post=47240"}],"curies":[{"name":"wp","href":"https:\/\/api.w.org\/{rel}","templated":true}]}}