{"id":47245,"date":"2025-08-15T15:56:07","date_gmt":"2025-08-15T18:56:07","guid":{"rendered":"http:\/\/jornaldeitaipava.com.br\/?p=47245"},"modified":"2025-08-15T15:56:09","modified_gmt":"2025-08-15T18:56:09","slug":"prefeitura-e-governo-do-estado-fazem-vistoria-tecnica-na-rua-uruguai-apos-deslocamento-de-rocha","status":"publish","type":"post","link":"https:\/\/jornaldeitaipava.com.br\/index.php\/2025\/08\/15\/prefeitura-e-governo-do-estado-fazem-vistoria-tecnica-na-rua-uruguai-apos-deslocamento-de-rocha\/","title":{"rendered":"Prefeitura e Governo do Estado fazem vistoria t\u00e9cnica na Rua Uruguai ap\u00f3s deslocamento de rocha"},"content":{"rendered":"\n<p class=\"has-text-align-center\"><strong>T\u00e9cnicos da Defesa Civil, da Secretaria de Estado de Infraestrutura e Obras Publicas e do DRM estiveram no local<\/strong><\/p>\n\n\n\n<p>O prefeito Hingo Hammes acompanhou na manh\u00e3 desta sexta-feira (15\/08), uma vistoria t\u00e9cnica na Rua Uruguai, no Quitandinha. Ao lado do secret\u00e1rio de Prote\u00e7\u00e3o e Defesa Civil, Guilherme Moraes e da secret\u00e1ria de Assist\u00eancia Social, Adriana Kreisher, o prefeito acompanhou o trabalho dos t\u00e9cnicos da Defesa Civil de Petr\u00f3polis, da Secretaria de Estado de Infraestrutura e Obras Publicas e do Departamento de Recursos Minerais (DRM). O vereador Thiago Damaceno tamb\u00e9m participou da vistoria.<\/p>\n\n\n\n<p>&#8220;Essa \u00e9 uma regi\u00e3o que j\u00e1 vem sofrendo com ocorr\u00eancias desde 2016. Estudos ser\u00e3o feitos para que consigamos elaborar projetos para a localidade&#8221;, disse o prefeito.<\/p>\n\n\n\n<p>Ser\u00e1 feito um v\u00f4o de drone e estudos de topografia para elabora\u00e7\u00e3o dos projetos. &#8220;Esse trabalho em conjunto com o Estado vai apontar as solu\u00e7\u00f5es para a regi\u00e3o&#8221;, ressaltou o secret\u00e1rio de Prote\u00e7\u00e3o e Defesa Civil, Guilherme Moraes.<\/p>\n\n\n\n<p>Na noite de quarta-feira (13\/08), foi registrado um deslocamento de rocha na Rua Uruguai. Cinco casas foram interditadas. As fam\u00edlias est\u00e3o sendo orientadas pela Secretaria de Assist\u00eancia Social.<\/p>\n","protected":false},"excerpt":{"rendered":"<p>T\u00e9cnicos da Defesa Civil, da Secretaria de Estado de Infraestrutura e Obras Publicas e do<\/p>\n","protected":false},"author":1,"featured_media":47246,"comment_status":"closed","ping_status":"open","sticky":false,"template":"","format":"standard","meta":{"spay_email":"","footnotes":"","jetpack_publicize_message":""},"categories":[2],"tags":[],"jetpack_featured_media_url":"https:\/\/i2.wp.com\/jornaldeitaipava.com.br\/wp-content\/uploads\/2025\/08\/WhatsApp-Image-2025-08-15-at-15.54.19-scaled.jpeg?fit=2560%2C1835&ssl=1","jetpack_publicize_connections":[],"jetpack_sharing_enabled":true,"jetpack_likes_enabled":true,"jetpack-related-posts":[],"_links":{"self":[{"href":"https:\/\/jornaldeitaipava.com.br\/index.php\/wp-json\/wp\/v2\/posts\/47245"}],"collection":[{"href":"https:\/\/jornaldeitaipava.com.br\/index.php\/wp-json\/wp\/v2\/posts"}],"about":[{"href":"https:\/\/jornaldeitaipava.com.br\/index.php\/wp-json\/wp\/v2\/types\/post"}],"author":[{"embeddable":true,"href":"https:\/\/jornaldeitaipava.com.br\/index.php\/wp-json\/wp\/v2\/users\/1"}],"replies":[{"embeddable":true,"href":"https:\/\/jornaldeitaipava.com.br\/index.php\/wp-json\/wp\/v2\/comments?post=47245"}],"version-history":[{"count":1,"href":"https:\/\/jornaldeitaipava.com.br\/index.php\/wp-json\/wp\/v2\/posts\/47245\/revisions"}],"predecessor-version":[{"id":47247,"href":"https:\/\/jornaldeitaipava.com.br\/index.php\/wp-json\/wp\/v2\/posts\/47245\/revisions\/47247"}],"wp:featuredmedia":[{"embeddable":true,"href":"https:\/\/jornaldeitaipava.com.br\/index.php\/wp-json\/wp\/v2\/media\/47246"}],"wp:attachment":[{"href":"https:\/\/jornaldeitaipava.com.br\/index.php\/wp-json\/wp\/v2\/media?parent=47245"}],"wp:term":[{"taxonomy":"category","embeddable":true,"href":"https:\/\/jornaldeitaipava.com.br\/index.php\/wp-json\/wp\/v2\/categories?post=47245"},{"taxonomy":"post_tag","embeddable":true,"href":"https:\/\/jornaldeitaipava.com.br\/index.php\/wp-json\/wp\/v2\/tags?post=47245"}],"curies":[{"name":"wp","href":"https:\/\/api.w.org\/{rel}","templated":true}]}}