{"id":47248,"date":"2025-08-15T16:03:33","date_gmt":"2025-08-15T19:03:33","guid":{"rendered":"http:\/\/jornaldeitaipava.com.br\/?p=47248"},"modified":"2025-08-15T16:03:38","modified_gmt":"2025-08-15T19:03:38","slug":"jeups-registra-500-inscricoes-para-judo-e-jiu-jitsu","status":"publish","type":"post","link":"https:\/\/jornaldeitaipava.com.br\/index.php\/2025\/08\/15\/jeups-registra-500-inscricoes-para-judo-e-jiu-jitsu\/","title":{"rendered":"Jeups registra 500 inscri\u00e7\u00f5es para jud\u00f4 e jiu-jitsu"},"content":{"rendered":"\n<p class=\"has-text-align-center\"><strong>Competi\u00e7\u00f5es acontecem nos dias 15 e 16 de agosto no P\u00e1tio Petr\u00f3polis<\/strong><\/p>\n\n\n\n<p>A 61\u00aa edi\u00e7\u00e3o dos Jogos Estudantis Unificados de Petr\u00f3polis (Jeups) alcan\u00e7ou 500 inscri\u00e7\u00f5es nas modalidades de jud\u00f4 e jiu-jitsu. As disputas acontecem nos dias 15 e 16 de agosto, a partir das 9h, no P\u00e1tio Petr\u00f3polis, no Centro, e re\u00fanem estudantes de diversas escolas da rede p\u00fablica e privada.<\/p>\n\n\n\n<p>O evento, iniciado em junho, re\u00fane mais de 1.500 estudantes de mais de 40 unidades escolares. A programa\u00e7\u00e3o, que segue at\u00e9 outubro, contempla 14 modalidades, entre provas coletivas e individuais.<\/p>\n\n\n\n<p>O jud\u00f4 retorna ao calend\u00e1rio ap\u00f3s anos de aus\u00eancia, assim como a nata\u00e7\u00e3o, que voltar\u00e1 em setembro. O jiu-jitsu integra a competi\u00e7\u00e3o pela primeira vez. J\u00e1 o pump track e o skate estrearam em 2024.<\/p>\n\n\n\n<p>\u201cEstamos muito satisfeitos em ver o Jeups acontecendo com uma estrutura completa, reunindo tantos alunos e escolas. O esporte tem um papel central na forma\u00e7\u00e3o e na inclus\u00e3o, e nossa prioridade \u00e9 garantir que todos participem com seguran\u00e7a e entusiasmo\u201d, destacou Hingo Hammes.<\/p>\n\n\n\n<p>O secret\u00e1rio de Esporte, Promo\u00e7\u00e3o da Sa\u00fade, Juventude, Idoso e Lazer, Leandro Kronemberger, ressaltou que a inclus\u00e3o de novas modalidades exige um trabalho integrado das equipes t\u00e9cnicas.<\/p>\n\n\n\n<p>\u201cNossa equipe t\u00e9cnica tem trabalhado de forma integrada para atender a todas as modalidades com organiza\u00e7\u00e3o e qualidade. A amplia\u00e7\u00e3o do n\u00famero de esportes reflete o crescimento do evento e o compromisso da Prefeitura com o desenvolvimento dos nossos jovens\u201d, afirmou Leandro Kronemberger.<\/p>\n\n\n\n<p>Em agosto, al\u00e9m do jud\u00f4 e do jiu-jitsu, a programa\u00e7\u00e3o inclui o pump track no dia 21, no Parque Municipal Prefeito Paulo Rattes, em Itaipava, seguido do skate no dia 22, no mesmo local.<\/p>\n\n\n\n<p>As competi\u00e7\u00f5es individuais prosseguem em setembro, com t\u00eanis de mesa, atletismo e xadrez. J\u00e1 as coletivas incluem partidas de futebol, v\u00f4lei, handebol, basquete e futsal, seguem at\u00e9 outubro e encerram a 61\u00aa edi\u00e7\u00e3o do Jeups.<\/p>\n","protected":false},"excerpt":{"rendered":"<p>Competi\u00e7\u00f5es acontecem nos dias 15 e 16 de agosto no P\u00e1tio Petr\u00f3polis A 61\u00aa edi\u00e7\u00e3o<\/p>\n","protected":false},"author":1,"featured_media":47249,"comment_status":"closed","ping_status":"open","sticky":false,"template":"","format":"standard","meta":{"spay_email":"","footnotes":"","jetpack_publicize_message":""},"categories":[9],"tags":[],"jetpack_featured_media_url":"https:\/\/i2.wp.com\/jornaldeitaipava.com.br\/wp-content\/uploads\/2025\/08\/WhatsApp-Image-2025-08-14-at-16.14.04-scaled.jpeg?fit=2560%2C1707&ssl=1","jetpack_publicize_connections":[],"jetpack_sharing_enabled":true,"jetpack_likes_enabled":true,"jetpack-related-posts":[],"_links":{"self":[{"href":"https:\/\/jornaldeitaipava.com.br\/index.php\/wp-json\/wp\/v2\/posts\/47248"}],"collection":[{"href":"https:\/\/jornaldeitaipava.com.br\/index.php\/wp-json\/wp\/v2\/posts"}],"about":[{"href":"https:\/\/jornaldeitaipava.com.br\/index.php\/wp-json\/wp\/v2\/types\/post"}],"author":[{"embeddable":true,"href":"https:\/\/jornaldeitaipava.com.br\/index.php\/wp-json\/wp\/v2\/users\/1"}],"replies":[{"embeddable":true,"href":"https:\/\/jornaldeitaipava.com.br\/index.php\/wp-json\/wp\/v2\/comments?post=47248"}],"version-history":[{"count":1,"href":"https:\/\/jornaldeitaipava.com.br\/index.php\/wp-json\/wp\/v2\/posts\/47248\/revisions"}],"predecessor-version":[{"id":47250,"href":"https:\/\/jornaldeitaipava.com.br\/index.php\/wp-json\/wp\/v2\/posts\/47248\/revisions\/47250"}],"wp:featuredmedia":[{"embeddable":true,"href":"https:\/\/jornaldeitaipava.com.br\/index.php\/wp-json\/wp\/v2\/media\/47249"}],"wp:attachment":[{"href":"https:\/\/jornaldeitaipava.com.br\/index.php\/wp-json\/wp\/v2\/media?parent=47248"}],"wp:term":[{"taxonomy":"category","embeddable":true,"href":"https:\/\/jornaldeitaipava.com.br\/index.php\/wp-json\/wp\/v2\/categories?post=47248"},{"taxonomy":"post_tag","embeddable":true,"href":"https:\/\/jornaldeitaipava.com.br\/index.php\/wp-json\/wp\/v2\/tags?post=47248"}],"curies":[{"name":"wp","href":"https:\/\/api.w.org\/{rel}","templated":true}]}}