{"id":47253,"date":"2025-08-18T10:45:21","date_gmt":"2025-08-18T13:45:21","guid":{"rendered":"http:\/\/jornaldeitaipava.com.br\/?p=47253"},"modified":"2025-08-18T10:45:23","modified_gmt":"2025-08-18T13:45:23","slug":"justica-condiciona-aumento-da-tarifa-de-onibus-a-condicoes-do-transporte","status":"publish","type":"post","link":"https:\/\/jornaldeitaipava.com.br\/index.php\/2025\/08\/18\/justica-condiciona-aumento-da-tarifa-de-onibus-a-condicoes-do-transporte\/","title":{"rendered":"Justi\u00e7a condiciona aumento da tarifa de \u00f4nibus a condi\u00e7\u00f5es do transporte"},"content":{"rendered":"\n<p>A quest\u00e3o do aumento da tarifa de \u00f4nibus em Petr\u00f3polis teve mais uma reviravolta neste fim de semana. Ap\u00f3s autorizar o reajuste na semana passada, o juiz Jorge Luiz Martins Alves, da 4\u00aa Vara C\u00edvel, suspendeu os efeitos da homologa\u00e7\u00e3o de \u00f4nibus para R$ 5,90. A decis\u00e3o foi publicada nesse domingo (17). O juiz determinou que a CPTrans apresente um relat\u00f3rio anal\u00edtico de todo o semestre. O documento deve detalhar a qualidade do servi\u00e7o, com notifica\u00e7\u00f5es por inadequa\u00e7\u00f5es ou falhas t\u00e9cnicas, al\u00e9m dos \u00edndices de pontualidade e frequ\u00eancia de cada linha.<br>O magistrado tamb\u00e9m determinou a realiza\u00e7\u00e3o de corre\u00e7\u00f5es e adequa\u00e7\u00f5es nas linhas auditadas pela CPTrans.<\/p>\n\n\n\n<p>Enquanto isso os problemas permanecem nos bairros. Na manh\u00e3 desta segunda-feira, moradores de Araras fizeram uma manifesta\u00e7\u00e3o pedindo melhorias no transporte p\u00fablico da regi\u00e3o. Entre as exig\u00eancias est\u00e3o a volta da linha Executivo 670 o dia todo; mais hor\u00e1rios e retorno dos \u00f4nibus que foram tirados do bairro; melhor distribui\u00e7\u00e3o nas linhas Vale das Videiras, Santa Luzia, Vista Alegre e Itaipava (617);troca de pontos de \u00f4nibus sucateados e ainda melhoria nos acessos a Santa Luzia e Vista Alegre.<\/p>\n","protected":false},"excerpt":{"rendered":"<p>A quest\u00e3o do aumento da tarifa de \u00f4nibus em Petr\u00f3polis teve mais uma reviravolta neste<\/p>\n","protected":false},"author":1,"featured_media":12004,"comment_status":"closed","ping_status":"open","sticky":false,"template":"","format":"standard","meta":{"spay_email":"","footnotes":"","jetpack_publicize_message":""},"categories":[24],"tags":[],"jetpack_featured_media_url":"https:\/\/i0.wp.com\/jornaldeitaipava.com.br\/wp-content\/uploads\/2021\/03\/onibus-1.jpg?fit=375%2C203&ssl=1","jetpack_publicize_connections":[],"jetpack_sharing_enabled":true,"jetpack_likes_enabled":true,"jetpack-related-posts":[],"_links":{"self":[{"href":"https:\/\/jornaldeitaipava.com.br\/index.php\/wp-json\/wp\/v2\/posts\/47253"}],"collection":[{"href":"https:\/\/jornaldeitaipava.com.br\/index.php\/wp-json\/wp\/v2\/posts"}],"about":[{"href":"https:\/\/jornaldeitaipava.com.br\/index.php\/wp-json\/wp\/v2\/types\/post"}],"author":[{"embeddable":true,"href":"https:\/\/jornaldeitaipava.com.br\/index.php\/wp-json\/wp\/v2\/users\/1"}],"replies":[{"embeddable":true,"href":"https:\/\/jornaldeitaipava.com.br\/index.php\/wp-json\/wp\/v2\/comments?post=47253"}],"version-history":[{"count":1,"href":"https:\/\/jornaldeitaipava.com.br\/index.php\/wp-json\/wp\/v2\/posts\/47253\/revisions"}],"predecessor-version":[{"id":47254,"href":"https:\/\/jornaldeitaipava.com.br\/index.php\/wp-json\/wp\/v2\/posts\/47253\/revisions\/47254"}],"wp:featuredmedia":[{"embeddable":true,"href":"https:\/\/jornaldeitaipava.com.br\/index.php\/wp-json\/wp\/v2\/media\/12004"}],"wp:attachment":[{"href":"https:\/\/jornaldeitaipava.com.br\/index.php\/wp-json\/wp\/v2\/media?parent=47253"}],"wp:term":[{"taxonomy":"category","embeddable":true,"href":"https:\/\/jornaldeitaipava.com.br\/index.php\/wp-json\/wp\/v2\/categories?post=47253"},{"taxonomy":"post_tag","embeddable":true,"href":"https:\/\/jornaldeitaipava.com.br\/index.php\/wp-json\/wp\/v2\/tags?post=47253"}],"curies":[{"name":"wp","href":"https:\/\/api.w.org\/{rel}","templated":true}]}}