{"id":47257,"date":"2025-08-18T12:36:15","date_gmt":"2025-08-18T15:36:15","guid":{"rendered":"http:\/\/jornaldeitaipava.com.br\/?p=47257"},"modified":"2025-08-18T12:36:17","modified_gmt":"2025-08-18T15:36:17","slug":"aos-15-anos-angela-azevedo-disputa-vaga-na-selecao-brasileira-sub-21-de-taekwondo-e-sonha-com-as-olimpiadas","status":"publish","type":"post","link":"https:\/\/jornaldeitaipava.com.br\/index.php\/2025\/08\/18\/aos-15-anos-angela-azevedo-disputa-vaga-na-selecao-brasileira-sub-21-de-taekwondo-e-sonha-com-as-olimpiadas\/","title":{"rendered":"Aos 15 anos, Angela Azevedo disputa vaga na Sele\u00e7\u00e3o Brasileira Sub-21 de Taekwondo e sonha com as Olimp\u00edadas"},"content":{"rendered":"\n<p class=\"has-text-align-center\"><strong>Aluna bolsista do Col\u00e9gio Koeler, jovem atleta petropolitana participa da seletiva nacional em Bras\u00edlia e mira o Campeonato Mundial de 2025 como primeiro passo rumo \u00e0 carreira ol\u00edmpica<\/strong><\/p>\n\n\n\n<p>Com apenas 15 anos, Angela Azevedo j\u00e1 \u00e9 protagonista de uma trajet\u00f3ria esportiva que impressiona pela disciplina, talento e ambi\u00e7\u00e3o. A jovem atleta petropolitana foi convocada para participar da seletiva oficial da Sele\u00e7\u00e3o Brasileira Sub-21 de Taekwondo, que ser\u00e1 realizada nos dias 22 e 23 de agosto, em Bras\u00edlia. A competi\u00e7\u00e3o reunir\u00e1 os maiores talentos do pa\u00eds e definir\u00e1 os nomes que representar\u00e3o o Brasil no Campeonato Mundial da categoria.<\/p>\n\n\n\n<p>Enfrentando advers\u00e1rias de at\u00e9 20 anos de idade, Angela se destaca por competir ainda muito jovem, com maturidade e determina\u00e7\u00e3o de quem j\u00e1 tra\u00e7ou um plano claro: seguir na Sele\u00e7\u00e3o em 2026 e, no futuro, chegar aos Jogos Ol\u00edmpicos. \u201cVai ser uma experi\u00eancia maravilhosa na minha vida. Estou treinando intensamente e vou dar o meu melhor\u201d, afirma.<\/p>\n\n\n\n<p>Angela conheceu o Taekwondo ap\u00f3s as trag\u00e9dias clim\u00e1ticas que atingiram Petr\u00f3polis, em 2022. Na \u00e9poca, ela integrava um projeto social voltado para crian\u00e7as de fam\u00edlias impactadas pelos desastres. Foi ali que encontrou no esporte uma forma de supera\u00e7\u00e3o. Logo chamou a aten\u00e7\u00e3o do professor Victor Lacerda, da Team Lacerda, que lhe ofereceu uma bolsa para iniciar os treinamentos. Desde ent\u00e3o, sua dedica\u00e7\u00e3o n\u00e3o parou de crescer.<\/p>\n\n\n\n<p>Hoje, al\u00e9m dos treinos com o professor Victor, Angela se prepara com os mestres Chang e Franklin, no Rio de Janeiro, e conta com apoio integral do Col\u00e9gio Koeler, onde estuda, em reconhecimento ao seu potencial esportivo. \u201cA Angela \u00e9 uma jovem extraordin\u00e1ria, e para n\u00f3s \u00e9 um orgulho fazer parte da forma\u00e7\u00e3o acad\u00eamica dela. Acreditamos que oferecer uma educa\u00e7\u00e3o de qualidade a atletas \u00e9 t\u00e3o importante quanto apoiar seus talentos esportivos\u201d, afirma Raphael Louro, diretor do Col\u00e9gio Koeler.<\/p>\n\n\n\n<p>O Taekwondo \u00e9 uma arte marcial de origem coreana e se tornou esporte ol\u00edmpico em 2000. As lutas s\u00e3o disputadas em tr\u00eas rounds de dois minutos e os atletas pontuam por meio de chutes e socos t\u00e9cnicos aplicados em \u00e1reas espec\u00edficas do colete e capacete do oponente, com o aux\u00edlio de sensores eletr\u00f4nicos. S\u00e3o vedados golpes abaixo da cintura, e o atleta que cometer infra\u00e7\u00f5es pode ser penalizado.<\/p>\n\n\n\n<p>A seletiva nacional \u00e9 organizada pela Confedera\u00e7\u00e3o Brasileira de Taekwondo (CBTKD) e abre caminho para o Campeonato Mundial Sub-21, evento de elite da modalidade no cen\u00e1rio internacional. Para Angela, estar entre as convocadas j\u00e1 \u00e9 um marco \u2014 mas o objetivo \u00e9 maior. \u201cQuero conquistar minha vaga na Sele\u00e7\u00e3o, continuar evoluindo e me preparar para os pr\u00f3ximos anos. Meu sonho \u00e9 disputar uma Olimp\u00edada\u201d, diz.<\/p>\n\n\n\n<p>Com talento, apoio familiar, t\u00e9cnico e educacional, Angela Azevedo desponta como um dos nomes mais promissores do Taekwondo brasileiro. Jovem, determinada e apaixonada pelo que faz, ela d\u00e1 seus primeiros passos em dire\u00e7\u00e3o ao mundo \u2014 com um olhar firme no p\u00f3dio ol\u00edmpico.<\/p>\n","protected":false},"excerpt":{"rendered":"<p>Aluna bolsista do Col\u00e9gio Koeler, jovem atleta petropolitana participa da seletiva nacional em Bras\u00edlia e<\/p>\n","protected":false},"author":1,"featured_media":47258,"comment_status":"closed","ping_status":"open","sticky":false,"template":"","format":"standard","meta":{"spay_email":"","footnotes":"","jetpack_publicize_message":""},"categories":[9],"tags":[],"jetpack_featured_media_url":"https:\/\/i2.wp.com\/jornaldeitaipava.com.br\/wp-content\/uploads\/2025\/08\/WhatsApp-Image-2025-08-18-at-12.34.06.jpeg?fit=1068%2C1068&ssl=1","jetpack_publicize_connections":[],"jetpack_sharing_enabled":true,"jetpack_likes_enabled":true,"jetpack-related-posts":[],"_links":{"self":[{"href":"https:\/\/jornaldeitaipava.com.br\/index.php\/wp-json\/wp\/v2\/posts\/47257"}],"collection":[{"href":"https:\/\/jornaldeitaipava.com.br\/index.php\/wp-json\/wp\/v2\/posts"}],"about":[{"href":"https:\/\/jornaldeitaipava.com.br\/index.php\/wp-json\/wp\/v2\/types\/post"}],"author":[{"embeddable":true,"href":"https:\/\/jornaldeitaipava.com.br\/index.php\/wp-json\/wp\/v2\/users\/1"}],"replies":[{"embeddable":true,"href":"https:\/\/jornaldeitaipava.com.br\/index.php\/wp-json\/wp\/v2\/comments?post=47257"}],"version-history":[{"count":1,"href":"https:\/\/jornaldeitaipava.com.br\/index.php\/wp-json\/wp\/v2\/posts\/47257\/revisions"}],"predecessor-version":[{"id":47259,"href":"https:\/\/jornaldeitaipava.com.br\/index.php\/wp-json\/wp\/v2\/posts\/47257\/revisions\/47259"}],"wp:featuredmedia":[{"embeddable":true,"href":"https:\/\/jornaldeitaipava.com.br\/index.php\/wp-json\/wp\/v2\/media\/47258"}],"wp:attachment":[{"href":"https:\/\/jornaldeitaipava.com.br\/index.php\/wp-json\/wp\/v2\/media?parent=47257"}],"wp:term":[{"taxonomy":"category","embeddable":true,"href":"https:\/\/jornaldeitaipava.com.br\/index.php\/wp-json\/wp\/v2\/categories?post=47257"},{"taxonomy":"post_tag","embeddable":true,"href":"https:\/\/jornaldeitaipava.com.br\/index.php\/wp-json\/wp\/v2\/tags?post=47257"}],"curies":[{"name":"wp","href":"https:\/\/api.w.org\/{rel}","templated":true}]}}