{"id":47263,"date":"2025-08-18T17:59:57","date_gmt":"2025-08-18T20:59:57","guid":{"rendered":"http:\/\/jornaldeitaipava.com.br\/?p=47263"},"modified":"2025-08-18T17:59:59","modified_gmt":"2025-08-18T20:59:59","slug":"prefeitura-promove-evento-no-dia-nacional-de-luta-da-pessoa-em-situacao-de-rua","status":"publish","type":"post","link":"https:\/\/jornaldeitaipava.com.br\/index.php\/2025\/08\/18\/prefeitura-promove-evento-no-dia-nacional-de-luta-da-pessoa-em-situacao-de-rua\/","title":{"rendered":"Prefeitura promove evento no Dia Nacional de Luta da Pessoa em Situa\u00e7\u00e3o de Rua"},"content":{"rendered":"\n<p>Nesta ter\u00e7a-feira (19\/08) \u00e9 o Dia Nacional de Luta da Pessoa em Situa\u00e7\u00e3o de Rua, uma data para refor\u00e7ar a import\u00e2ncia de a\u00e7\u00f5es e pol\u00edticas voltadas para atender essa popula\u00e7\u00e3o. A Prefeitura vai promover um evento na Casa da Cidadania, com troca de experi\u00eancias, a\u00e7\u00f5es de sa\u00fade mental e apresenta\u00e7\u00f5es art\u00edsticas feitas por usu\u00e1rios dos servi\u00e7os de acolhimento do munic\u00edpio.<\/p>\n\n\n\n<p>Em Petr\u00f3polis o acolhimento da popula\u00e7\u00e3o em situa\u00e7\u00e3o de rua \u00e9 realizado de forma cont\u00ednua pela Secretaria de Assist\u00eancia Social, por meio de uma rede articulada que inclui o Servi\u00e7o Especializado em Abordagem Social, o Centro de Refer\u00eancia Especializado para Pessoas em Situa\u00e7\u00e3o de Rua (Centro POP) e o N\u00facleo de Integra\u00e7\u00e3o Social (NIS), al\u00e9m da parceria com demais pol\u00edticas p\u00fablicas. S\u00f3 em julho, por exemplo, quase 1,2 mil abordagens foram a 82 indiv\u00edduos distintos para oferecer os servi\u00e7os.<\/p>\n\n\n\n<p>&#8220;S\u00e3o pessoas que se encontram nessa condi\u00e7\u00e3o por diversas raz\u00f5es, seja quest\u00f5es familiares, problemas financeiros, sa\u00fade mental, entre outros motivos, e que precisam de ajudar para conseguir superar esse momento. E a nossa miss\u00e3o \u00e9 oferecer esse acolhimento&#8221;, destacou o prefeito Hingo Hammes.<\/p>\n\n\n\n<p>A rede de acolhimento em Petr\u00f3polis come\u00e7a com as abordagens sociais, que s\u00e3o realizadas tanto por demanda espont\u00e2nea quanto por encaminhamentos oriundos de equipamentos p\u00fablicos, como os centros de Refer\u00eancia de Assist\u00eancia Social (Cras) e unidades de sa\u00fade. H\u00e1 tamb\u00e9m o trabalho de busca ativa, no qual as equipes percorrem regularmente o Centro e os distritos com o objetivo de identificar pessoas em situa\u00e7\u00e3o de rua e ofertar atendimento.<\/p>\n\n\n\n<p>O Centro POP busca oferecer escuta qualificada, identificar necessidades imediatas e construir um plano individual de acompanhamento, com foco na supera\u00e7\u00e3o da situa\u00e7\u00e3o de rua. Tamb\u00e9m s\u00e3o ofertados servi\u00e7os essenciais, como alimenta\u00e7\u00e3o, banho e guarda de pertences, al\u00e9m de encaminhamentos para emiss\u00e3o de documentos, atendimento em sa\u00fade, acesso a benef\u00edcios eventuais, entre outros.<\/p>\n\n\n\n<p>O N\u00facleo de Integra\u00e7\u00e3o Social (NIS) opera durante todo o ano e amplia a capacidade emergencial nos per\u00edodos de maior frio. No inverno deste ano, o munic\u00edpio remanejou espa\u00e7os e montou tendas adicionais, garantindo 33 novas vagas de pernoite. Paralelamente, a Campanha do Agasalho 2025, finalizada em julho, arrecadou 1.559 itens, entre roupas de frio, cobertores e cal\u00e7ados, que v\u00eam sendo distribu\u00eddos \u00e0s pessoas atendidas nos servi\u00e7os.<\/p>\n\n\n\n<p>&#8220;N\u00f3s sempre buscamos entender as necessidades imediatas daquela pessoa, seja um documento, alimenta\u00e7\u00e3o, atendimento m\u00e9dico, e depois buscamos formas para que aquela pessoa possa retomar sua autonomia, colocando a dignidade de cada um em primeiro lugar. \u00c9 desse modo que a gente busca ajudar a popula\u00e7\u00e3o em situa\u00e7\u00e3o de rua&#8221;, diz a secret\u00e1ria de Assist\u00eancia Social, Adriana Kreischer.<\/p>\n\n\n\n<p>No evento desta ter\u00e7a, pessoas em situa\u00e7\u00e3o de rua poder\u00e3o participar de uma conversa com a defensora p\u00fablica Carla Beatriz Nunes Maia, que vai relembrar o &#8220;Massacre da S\u00e9&#8221;, quando uma s\u00e9rie de atentados violentos na Pra\u00e7a da S\u00e9, em S\u00e3o Paulo, em 2004, provocou a morte de sete pessoas que viviam naquele local &#8211; esse epis\u00f3dio levou \u00e0 cria\u00e7\u00e3o do Dia Nacional de Luta da Pessoa em Situa\u00e7\u00e3o de Rua. Tamb\u00e9m ter\u00e1 uma uma din\u00e2mica l\u00fadica com Salete Porto, que faz parte do Caps-AD, a realiza\u00e7\u00e3o de uma exposi\u00e7\u00e3o art\u00edstica e apresenta\u00e7\u00e3o musical feitas por usu\u00e1rios dos servi\u00e7os especializados. A Casa da Cidadania fica na Rua Visconde de Souza Franco, 474 \u2013 Centro, e o evento acontece das 08h30 \u00e0s 12h.<\/p>\n","protected":false},"excerpt":{"rendered":"<p>Nesta ter\u00e7a-feira (19\/08) \u00e9 o Dia Nacional de Luta da Pessoa em Situa\u00e7\u00e3o de Rua,<\/p>\n","protected":false},"author":1,"featured_media":47264,"comment_status":"closed","ping_status":"open","sticky":false,"template":"","format":"standard","meta":{"spay_email":"","footnotes":"","jetpack_publicize_message":""},"categories":[2],"tags":[],"jetpack_featured_media_url":"https:\/\/i0.wp.com\/jornaldeitaipava.com.br\/wp-content\/uploads\/2025\/08\/WhatsApp-Image-2025-08-18-at-17.02.17.jpeg?fit=1600%2C1013&ssl=1","jetpack_publicize_connections":[],"jetpack_sharing_enabled":true,"jetpack_likes_enabled":true,"jetpack-related-posts":[],"_links":{"self":[{"href":"https:\/\/jornaldeitaipava.com.br\/index.php\/wp-json\/wp\/v2\/posts\/47263"}],"collection":[{"href":"https:\/\/jornaldeitaipava.com.br\/index.php\/wp-json\/wp\/v2\/posts"}],"about":[{"href":"https:\/\/jornaldeitaipava.com.br\/index.php\/wp-json\/wp\/v2\/types\/post"}],"author":[{"embeddable":true,"href":"https:\/\/jornaldeitaipava.com.br\/index.php\/wp-json\/wp\/v2\/users\/1"}],"replies":[{"embeddable":true,"href":"https:\/\/jornaldeitaipava.com.br\/index.php\/wp-json\/wp\/v2\/comments?post=47263"}],"version-history":[{"count":1,"href":"https:\/\/jornaldeitaipava.com.br\/index.php\/wp-json\/wp\/v2\/posts\/47263\/revisions"}],"predecessor-version":[{"id":47265,"href":"https:\/\/jornaldeitaipava.com.br\/index.php\/wp-json\/wp\/v2\/posts\/47263\/revisions\/47265"}],"wp:featuredmedia":[{"embeddable":true,"href":"https:\/\/jornaldeitaipava.com.br\/index.php\/wp-json\/wp\/v2\/media\/47264"}],"wp:attachment":[{"href":"https:\/\/jornaldeitaipava.com.br\/index.php\/wp-json\/wp\/v2\/media?parent=47263"}],"wp:term":[{"taxonomy":"category","embeddable":true,"href":"https:\/\/jornaldeitaipava.com.br\/index.php\/wp-json\/wp\/v2\/categories?post=47263"},{"taxonomy":"post_tag","embeddable":true,"href":"https:\/\/jornaldeitaipava.com.br\/index.php\/wp-json\/wp\/v2\/tags?post=47263"}],"curies":[{"name":"wp","href":"https:\/\/api.w.org\/{rel}","templated":true}]}}