{"id":47266,"date":"2025-08-18T18:13:07","date_gmt":"2025-08-18T21:13:07","guid":{"rendered":"http:\/\/jornaldeitaipava.com.br\/?p=47266"},"modified":"2025-08-18T18:13:09","modified_gmt":"2025-08-18T21:13:09","slug":"abertas-as-inscricoes-para-oficina-de-introducao-ao-mapeamento-participativo-cartografia-e-linguagem-dos-mapas","status":"publish","type":"post","link":"https:\/\/jornaldeitaipava.com.br\/index.php\/2025\/08\/18\/abertas-as-inscricoes-para-oficina-de-introducao-ao-mapeamento-participativo-cartografia-e-linguagem-dos-mapas\/","title":{"rendered":"Abertas as inscri\u00e7\u00f5es para Oficina de introdu\u00e7\u00e3o ao Mapeamento Participativo: cartografia e linguagem dos mapas"},"content":{"rendered":"\n<p>Est\u00e3o abertas as inscri\u00e7\u00f5es para a Oficina de introdu\u00e7\u00e3o ao Mapeamento Participativo: cartografia e linguagem dos mapas. O cadastro deve ser feito no site da Prefeitura (petropolis.rj.gov.br) at\u00e9 o dia 28 de agosto. A oficina \u00e9 gratuita e como as vagas s\u00e3o limitadas, haver\u00e1 prioridade para os integrantes dos n\u00facleos de Prote\u00e7\u00e3o e Defesa Civil (Nudecs).<\/p>\n\n\n\n<p>\u201cA oficina marca o in\u00edcio do Mapeamento Participativo de rotas de fuga, que tem como foco o maior protagonismo comunit\u00e1rio. \u00c9 um trabalho em conjunto do poder p\u00fablico e da popula\u00e7\u00e3o\u201d, disse o secret\u00e1rio de Prote\u00e7\u00e3o e Defesa Civil, Guilherme Moraes. O Mapeamento Participativo desse ano foi apresentado aos n\u00facleos de Prote\u00e7\u00e3o e Defesa Civil (Nudecs) no s\u00e1bado (16\/08), durante a capacita\u00e7\u00e3o permanente, que tamb\u00e9m contou com treinamento em primeiros socorros.<\/p>\n\n\n\n<p>O Mapeamento Participativo desenvolvido em Petr\u00f3polis envolve a popula\u00e7\u00e3o residente em \u00e1reas de risco, por meio dos n\u00facleos de Prote\u00e7\u00e3o e Defesa Civil, para a realiza\u00e7\u00e3o do mapeamento das rotas seguras e conhecimento das \u00e1reas de vulnerabilidades locais.<\/p>\n\n\n\n<p>O projeto est\u00e1 estruturado em sete etapas que se iniciam agora, em agosto, e v\u00e3o at\u00e9 a publica\u00e7\u00e3o dos mapas de rotas de fuga no Plano de Conting\u00eancia para Chuvas Intensas. \u201cEsta oficina marca a fase te\u00f3rica de capacita\u00e7\u00e3o do projeto do Mapeamento Participativo\u201d, concluiu o secret\u00e1rio Guilherme Moraes.<\/p>\n\n\n\n<p>Servi\u00e7o:<br>Oficina de introdu\u00e7\u00e3o ao Mapeamento Participativo: cartografia e linguagem dos mapas<br>Inscri\u00e7\u00f5es at\u00e9 28 de agosto no site da Prefeitura (petropolis.rj.gov.br)<br>Data da oficina: 30 de agosto<br>Hor\u00e1rio: 9h \u00e0s 12h<br>Local: Casa da Educa\u00e7\u00e3o Visconde de Mau\u00e1 (Avenida Bar\u00e3o do Rio Branco, n\u00ba 3 \u2013 Centro)<\/p>\n","protected":false},"excerpt":{"rendered":"<p>Est\u00e3o abertas as inscri\u00e7\u00f5es para a Oficina de introdu\u00e7\u00e3o ao Mapeamento Participativo: cartografia e linguagem<\/p>\n","protected":false},"author":1,"featured_media":47267,"comment_status":"closed","ping_status":"open","sticky":false,"template":"","format":"standard","meta":{"spay_email":"","footnotes":"","jetpack_publicize_message":""},"categories":[1],"tags":[],"jetpack_featured_media_url":"https:\/\/i1.wp.com\/jornaldeitaipava.com.br\/wp-content\/uploads\/2025\/08\/WhatsApp-Image-2025-08-18-at-17.52.33.jpeg?fit=1280%2C960&ssl=1","jetpack_publicize_connections":[],"jetpack_sharing_enabled":true,"jetpack_likes_enabled":true,"jetpack-related-posts":[],"_links":{"self":[{"href":"https:\/\/jornaldeitaipava.com.br\/index.php\/wp-json\/wp\/v2\/posts\/47266"}],"collection":[{"href":"https:\/\/jornaldeitaipava.com.br\/index.php\/wp-json\/wp\/v2\/posts"}],"about":[{"href":"https:\/\/jornaldeitaipava.com.br\/index.php\/wp-json\/wp\/v2\/types\/post"}],"author":[{"embeddable":true,"href":"https:\/\/jornaldeitaipava.com.br\/index.php\/wp-json\/wp\/v2\/users\/1"}],"replies":[{"embeddable":true,"href":"https:\/\/jornaldeitaipava.com.br\/index.php\/wp-json\/wp\/v2\/comments?post=47266"}],"version-history":[{"count":1,"href":"https:\/\/jornaldeitaipava.com.br\/index.php\/wp-json\/wp\/v2\/posts\/47266\/revisions"}],"predecessor-version":[{"id":47268,"href":"https:\/\/jornaldeitaipava.com.br\/index.php\/wp-json\/wp\/v2\/posts\/47266\/revisions\/47268"}],"wp:featuredmedia":[{"embeddable":true,"href":"https:\/\/jornaldeitaipava.com.br\/index.php\/wp-json\/wp\/v2\/media\/47267"}],"wp:attachment":[{"href":"https:\/\/jornaldeitaipava.com.br\/index.php\/wp-json\/wp\/v2\/media?parent=47266"}],"wp:term":[{"taxonomy":"category","embeddable":true,"href":"https:\/\/jornaldeitaipava.com.br\/index.php\/wp-json\/wp\/v2\/categories?post=47266"},{"taxonomy":"post_tag","embeddable":true,"href":"https:\/\/jornaldeitaipava.com.br\/index.php\/wp-json\/wp\/v2\/tags?post=47266"}],"curies":[{"name":"wp","href":"https:\/\/api.w.org\/{rel}","templated":true}]}}