{"id":47273,"date":"2025-08-19T13:07:07","date_gmt":"2025-08-19T16:07:07","guid":{"rendered":"http:\/\/jornaldeitaipava.com.br\/?p=47273"},"modified":"2025-08-19T13:07:27","modified_gmt":"2025-08-19T16:07:27","slug":"o-inverno-pede-jazz-e-itaipava-entrega-em-grande-estilo","status":"publish","type":"post","link":"https:\/\/jornaldeitaipava.com.br\/index.php\/2025\/08\/19\/o-inverno-pede-jazz-e-itaipava-entrega-em-grande-estilo\/","title":{"rendered":"O inverno pede\u2026 jazz! E Itaipava entrega em grande estilo"},"content":{"rendered":"\n<p class=\"has-text-align-center\"><strong>Festival gratuito leva o melhor do jazz a Itaipava de 22 a 24 de agosto, unindo sons, sabores e a atmosfera \u00fanica da serra.<\/strong><\/p>\n\n\n\n<p>Em Itaipava, o inverno tem trilha sonora. De 22 a 24 de agosto, o Vilarejo Jazz \u2014 com entrada gratuita \u2014 transforma a Pra\u00e7a do Sol, no Shopping Vilarejo, em um lounge a c\u00e9u aberto, onde o som do sax e da guitarra se mistura ao aroma da boa gastronomia e ao clima elegante da serra. Com shows gratuitos e uma curadoria que passeia por diferentes vertentes do jazz, o festival prop\u00f5e um fim de semana para desacelerar, brindar bons encontros e se deixar levar pelo improviso e pela atmosfera charmosa que s\u00f3 a esta\u00e7\u00e3o oferece.<\/p>\n\n\n\n<p>O Vilarejo Jazz transformou seu palco ao ar livre em ponto de encontro para apreciadores da liberdade criativa e da intera\u00e7\u00e3o \u00fanica que o g\u00eanero proporciona. A programa\u00e7\u00e3o de 2025 refor\u00e7a essa ess\u00eancia, trazendo forma\u00e7\u00f5es que transitam por diferentes vertentes do jazz. A abertura, na sexta-feira (22), \u00e0s 18h30, fica por conta do grupo All That Jazz, com arranjos cheios de harmonia e improvisos marcantes. No s\u00e1bado (23), \u00e0s 17h30, \u00e9 a vez da cantora Maria Swenson e banda, seguidos, \u00e0s 19h30, pelo virtuoso Jo\u00e3o Cantiber Quartet. No domingo (24), \u00e0s 15h, o encerramento ser\u00e1 com o grupo Jazzeando, que une sopros, cordas e percuss\u00e3o em releituras criativas.<\/p>\n\n\n\n<p>Para Tiago Corr\u00eaa, administrador do Shopping Vilarejo, o festival mant\u00e9m viva a ess\u00eancia que conquistou o p\u00fablico. \u201cO Vilarejo Jazz nasceu para criar encontros: entre artistas e p\u00fablico, entre a m\u00fasica e a paisagem, entre gera\u00e7\u00f5es que compartilham o mesmo encantamento. N\u00e3o \u00e9 apenas sobre assistir a um show, mas sobre viver a experi\u00eancia do jazz, com sua liberdade, improviso e energia contagiante\u201d, afirma.<\/p>\n\n\n\n<p>O clima descontra\u00eddo, com mesas ao ar livre e a boa gastronomia do Vilarejo como pano de fundo, convida o p\u00fablico a desacelerar e mergulhar no ritmo envolvente do jazz, um g\u00eanero que vai al\u00e9m da m\u00fasica \u2014 \u00e9 uma experi\u00eancia.<\/p>\n\n\n\n<p><strong>Conhe\u00e7a os artistas desta edi\u00e7\u00e3o:<\/strong><\/p>\n\n\n\n<p>All That Jazz<\/p>\n\n\n\n<p>Reunindo saxofones, base r\u00edtmica s\u00f3lida e improvisos cheios de personalidade, o grupo celebra o esp\u00edrito colaborativo do jazz. Formado por Edu Pinheiro (sax), Breno Morais (sax), Gabriel Tauk (baixo), Wiliam Belle (guitarra) e Yuri Garrido (bateria).<\/p>\n\n\n\n<p><strong>Maria Swenson e banda<\/strong><\/p>\n\n\n\n<p>Aos 22 anos, a cantora imprime liberdade e frescor \u00e0 sua m\u00fasica, misturando MPB e sonoridades contempor\u00e2neas. No Vilarejo Jazz, ser\u00e1 acompanhada por Jo\u00e3o Victor Ramos (baixo), Caio Ferreira (piano), Wiliam Belle (guitarra semi-ac\u00fastica) e Yuri Garrido (bateria).<\/p>\n\n\n\n<p><strong>Jo\u00e3o Cantiber Quartet<\/strong><\/p>\n\n\n\n<p>Violonista, guitarrista e compositor, Jo\u00e3o Cantiber apresenta um repert\u00f3rio autoral repleto de lirismo e sofistica\u00e7\u00e3o, ao lado de Daniel Garcia (sax), Ronaldo Diamante (baixo) e Jo\u00e1s Rodrigues (bateria).<\/p>\n\n\n\n<p><strong>Jazzeando<\/strong><\/p>\n\n\n\n<p>Com Marcelo Buddy (sax e gaita), Gabriel Tauk (baixo), Wiliam Belle (guitarra) e Coquinho (bateria), o grupo transita por diferentes atmosferas do jazz, unindo t\u00e9cnica, liberdade e express\u00e3o.<\/p>\n\n\n\n<p>Servi\u00e7o: Vilarejo Jazz <br>Data: 22, 23 e 24 de agosto<br>Hor\u00e1rio: Sexta-feira (22) \u00e0s 18h30; S\u00e1bado (23) \u00e0s 17h30 e 19h30; Domingo (24) \u00e0s 15h<br>Evento gratuito<br>Local: Pra\u00e7a do Sol \u2013 Shopping Vilarejo (Estrada Uni\u00e3o e Ind\u00fastria, 10.035 \u2013 Itaipava)<br>Mais informa\u00e7\u00f5es: @shoppingvilarejo<\/p>\n","protected":false},"excerpt":{"rendered":"<p>Festival gratuito leva o melhor do jazz a Itaipava de 22 a 24 de agosto,<\/p>\n","protected":false},"author":1,"featured_media":47274,"comment_status":"closed","ping_status":"open","sticky":false,"template":"","format":"standard","meta":{"spay_email":"","footnotes":"","jetpack_publicize_message":""},"categories":[42],"tags":[],"jetpack_featured_media_url":"https:\/\/i2.wp.com\/jornaldeitaipava.com.br\/wp-content\/uploads\/2025\/08\/WhatsApp-Image-2025-08-19-at-10.43.16.jpeg?fit=1080%2C751&ssl=1","jetpack_publicize_connections":[],"jetpack_sharing_enabled":true,"jetpack_likes_enabled":true,"jetpack-related-posts":[],"_links":{"self":[{"href":"https:\/\/jornaldeitaipava.com.br\/index.php\/wp-json\/wp\/v2\/posts\/47273"}],"collection":[{"href":"https:\/\/jornaldeitaipava.com.br\/index.php\/wp-json\/wp\/v2\/posts"}],"about":[{"href":"https:\/\/jornaldeitaipava.com.br\/index.php\/wp-json\/wp\/v2\/types\/post"}],"author":[{"embeddable":true,"href":"https:\/\/jornaldeitaipava.com.br\/index.php\/wp-json\/wp\/v2\/users\/1"}],"replies":[{"embeddable":true,"href":"https:\/\/jornaldeitaipava.com.br\/index.php\/wp-json\/wp\/v2\/comments?post=47273"}],"version-history":[{"count":1,"href":"https:\/\/jornaldeitaipava.com.br\/index.php\/wp-json\/wp\/v2\/posts\/47273\/revisions"}],"predecessor-version":[{"id":47275,"href":"https:\/\/jornaldeitaipava.com.br\/index.php\/wp-json\/wp\/v2\/posts\/47273\/revisions\/47275"}],"wp:featuredmedia":[{"embeddable":true,"href":"https:\/\/jornaldeitaipava.com.br\/index.php\/wp-json\/wp\/v2\/media\/47274"}],"wp:attachment":[{"href":"https:\/\/jornaldeitaipava.com.br\/index.php\/wp-json\/wp\/v2\/media?parent=47273"}],"wp:term":[{"taxonomy":"category","embeddable":true,"href":"https:\/\/jornaldeitaipava.com.br\/index.php\/wp-json\/wp\/v2\/categories?post=47273"},{"taxonomy":"post_tag","embeddable":true,"href":"https:\/\/jornaldeitaipava.com.br\/index.php\/wp-json\/wp\/v2\/tags?post=47273"}],"curies":[{"name":"wp","href":"https:\/\/api.w.org\/{rel}","templated":true}]}}