{"id":47276,"date":"2025-08-19T13:11:13","date_gmt":"2025-08-19T16:11:13","guid":{"rendered":"http:\/\/jornaldeitaipava.com.br\/?p=47276"},"modified":"2025-08-19T13:11:16","modified_gmt":"2025-08-19T16:11:16","slug":"escola-de-musica-santa-cecilia-recebe-espetaculo-de-danca-por-onde-eu-passei-neste-domingo-em-petropolis","status":"publish","type":"post","link":"https:\/\/jornaldeitaipava.com.br\/index.php\/2025\/08\/19\/escola-de-musica-santa-cecilia-recebe-espetaculo-de-danca-por-onde-eu-passei-neste-domingo-em-petropolis\/","title":{"rendered":"Escola de M\u00fasica Santa Cec\u00edlia recebe espet\u00e1culo de dan\u00e7a \u201cPor onde eu passei\u2026\u201d neste domingo em Petr\u00f3polis"},"content":{"rendered":"\n<p class=\"has-text-align-center\"><strong>Apresenta\u00e7\u00e3o gratuita de Marcelle Almeida celebra 22 anos de trajet\u00f3ria na dan\u00e7a e integra o projeto Arte Diversa<\/strong><\/p>\n\n\n\n<p>A Escola de M\u00fasica Santa Cec\u00edlia, reconhecida como Ponto de Cultura, abre as portas do Teatro Reynaldo Chaves neste domingo, 24 de agosto, \u00e0s 17h, para o espet\u00e1culo de dan\u00e7a \u201cPor onde eu passei\u2026\u201d, interpretado pela bailarina e core\u00f3grafa Marcelle Almeida, que celebra 22 anos de trajet\u00f3ria art\u00edstica. Com entrada gratuita, o evento integra a programa\u00e7\u00e3o do projeto Arte Diversa, promovido pelo Instituto Municipal de Cultura com recursos do Fundo Municipal de Cultura, e refor\u00e7a o compromisso da institui\u00e7\u00e3o em fomentar a cena cultural local.<\/p>\n\n\n\n<p>Com dura\u00e7\u00e3o aproximada de 45 minutos e classifica\u00e7\u00e3o indicativa livre, o espet\u00e1culo percorre os caminhos trilhados por Marcelle desde seus primeiros passos na dan\u00e7a at\u00e9 a maturidade no palco. Cada coreografia apresentada traduz uma mem\u00f3ria, um momento e uma emo\u00e7\u00e3o, transformando a apresenta\u00e7\u00e3o em uma verdadeira viagem pela hist\u00f3ria viva de sua forma\u00e7\u00e3o art\u00edstica. O programa contempla dan\u00e7a cl\u00e1ssica, jazz e tap, sob dire\u00e7\u00e3o art\u00edstica e coreogr\u00e1fica de Jane Feraudy e da pr\u00f3pria Marcelle Almeida, com realiza\u00e7\u00e3o do Studio Jane Feraudy e apoio da Lei Aldir Blanc.<\/p>\n\n\n\n<p>Marcelle Almeida \u00e9 formada em dan\u00e7a pelo Studio Jane Feraudy, associada ao Sindicato dos Profissionais de Dan\u00e7a do Estado do Rio de Janeiro (SPDRJ) e atua como bailarina h\u00e1 mais de duas d\u00e9cadas. Ao longo de sua carreira, participou de importantes festivais, como o Festival de Dan\u00e7a de Joinville, o Festival de Dan\u00e7a Sacra e o Dan\u00e7ar por Dan\u00e7ar, al\u00e9m de cursos e workshops em institui\u00e7\u00f5es renomadas, como a Escola Bolshoi Brasil, com aprofundamento em m\u00e9todo Vaganova e varia\u00e7\u00f5es de repert\u00f3rio. A artista tamb\u00e9m levou sua forma\u00e7\u00e3o internacional a outro patamar ao frequentar aulas em Nova York, em escolas ic\u00f4nicas como a Broadway Dance Center e a Steps on Broadway. Teve contato com grandes nomes da dan\u00e7a, incluindo Cec\u00edlia Kerche, Karina Dias, Bruna Lorrenzzeti, Maria Antonieta Spadari, Larissa de Ara\u00fajo e Nelma Darzi.<\/p>\n\n\n\n<p>O Teatro Reynaldo Chaves abrir\u00e1 as portas ao p\u00fablico \u00e0s 16h30, com acesso por ordem de chegada e capacidade limitada a 120 pessoas. Para a presidente da Escola de M\u00fasica Santa Cec\u00edlia, Janine Meirelles, promover espet\u00e1culos como este \u00e9 essencial para a miss\u00e3o de um Ponto de Cultura. \u201cOferecer espa\u00e7o para que artistas da cidade e da regi\u00e3o se apresentem \u00e9 parte essencial do processo de um Ponto de Cultura. O palco \u00e9 onde o artista deve estar\u201d, afirma.<\/p>\n\n\n\n<p>A Escola de M\u00fasica Santa Cec\u00edlia mant\u00e9m uma agenda com diversas apresenta\u00e7\u00f5es gratuitas at\u00e9 o fim do ano, consolidando-se como refer\u00eancia na forma\u00e7\u00e3o, difus\u00e3o e valoriza\u00e7\u00e3o da cultura em Petr\u00f3polis. Mais informa\u00e7\u00f5es podem ser obtidas pelo telefone e WhatsApp (24) 2242-2191, ou pelas redes sociais da institui\u00e7\u00e3o: @emusicasantacecilia no Instagram e @santaceciliapetropolis no Facebook.<\/p>\n\n\n\n<p><strong>SERVI\u00c7O<br><\/strong>Ficha T\u00e9cnica<br>T\u00edtulo: Por onde eu passei\u2026<br>Dura\u00e7\u00e3o: Aproximadamente 45 minutos<br>Classifica\u00e7\u00e3o indicativa: Livre<br>Formato: Espet\u00e1culo de dan\u00e7a (Cl\u00e1ssico, Jazz e Tap)<br>Dire\u00e7\u00e3o Art\u00edstica e Coreogr\u00e1fica: Jane Feraudy e Marcelle Almeida<br>Interpreta\u00e7\u00e3o: Marcelle Almeida<br>Realiza\u00e7\u00e3o: Studio Jane Feraudy<br>Apoio: Lei Aldir Blanc<\/p>\n","protected":false},"excerpt":{"rendered":"<p>Apresenta\u00e7\u00e3o gratuita de Marcelle Almeida celebra 22 anos de trajet\u00f3ria na dan\u00e7a e integra o<\/p>\n","protected":false},"author":1,"featured_media":30148,"comment_status":"closed","ping_status":"open","sticky":false,"template":"","format":"standard","meta":{"spay_email":"","footnotes":"","jetpack_publicize_message":""},"categories":[42],"tags":[],"jetpack_featured_media_url":"https:\/\/i2.wp.com\/jornaldeitaipava.com.br\/wp-content\/uploads\/2022\/07\/SANTA-CECILIA.jpg?fit=283%2C178&ssl=1","jetpack_publicize_connections":[],"jetpack_sharing_enabled":true,"jetpack_likes_enabled":true,"jetpack-related-posts":[],"_links":{"self":[{"href":"https:\/\/jornaldeitaipava.com.br\/index.php\/wp-json\/wp\/v2\/posts\/47276"}],"collection":[{"href":"https:\/\/jornaldeitaipava.com.br\/index.php\/wp-json\/wp\/v2\/posts"}],"about":[{"href":"https:\/\/jornaldeitaipava.com.br\/index.php\/wp-json\/wp\/v2\/types\/post"}],"author":[{"embeddable":true,"href":"https:\/\/jornaldeitaipava.com.br\/index.php\/wp-json\/wp\/v2\/users\/1"}],"replies":[{"embeddable":true,"href":"https:\/\/jornaldeitaipava.com.br\/index.php\/wp-json\/wp\/v2\/comments?post=47276"}],"version-history":[{"count":1,"href":"https:\/\/jornaldeitaipava.com.br\/index.php\/wp-json\/wp\/v2\/posts\/47276\/revisions"}],"predecessor-version":[{"id":47277,"href":"https:\/\/jornaldeitaipava.com.br\/index.php\/wp-json\/wp\/v2\/posts\/47276\/revisions\/47277"}],"wp:featuredmedia":[{"embeddable":true,"href":"https:\/\/jornaldeitaipava.com.br\/index.php\/wp-json\/wp\/v2\/media\/30148"}],"wp:attachment":[{"href":"https:\/\/jornaldeitaipava.com.br\/index.php\/wp-json\/wp\/v2\/media?parent=47276"}],"wp:term":[{"taxonomy":"category","embeddable":true,"href":"https:\/\/jornaldeitaipava.com.br\/index.php\/wp-json\/wp\/v2\/categories?post=47276"},{"taxonomy":"post_tag","embeddable":true,"href":"https:\/\/jornaldeitaipava.com.br\/index.php\/wp-json\/wp\/v2\/tags?post=47276"}],"curies":[{"name":"wp","href":"https:\/\/api.w.org\/{rel}","templated":true}]}}