{"id":47278,"date":"2025-08-19T13:14:46","date_gmt":"2025-08-19T16:14:46","guid":{"rendered":"http:\/\/jornaldeitaipava.com.br\/?p=47278"},"modified":"2025-08-19T13:14:49","modified_gmt":"2025-08-19T16:14:49","slug":"appo-inicia-agendamento-de-palestras-e-rodas-de-conversa-para-o-outubro-rosa-2025","status":"publish","type":"post","link":"https:\/\/jornaldeitaipava.com.br\/index.php\/2025\/08\/19\/appo-inicia-agendamento-de-palestras-e-rodas-de-conversa-para-o-outubro-rosa-2025\/","title":{"rendered":"APPO inicia agendamento de palestras e rodas de conversa para o Outubro Rosa 2025"},"content":{"rendered":"\n<p class=\"has-text-align-center\"><strong>17\u00aa edi\u00e7\u00e3o do evento refor\u00e7a a import\u00e2ncia dos cuidados paliativos e convida empresas, entidades e comunidades a se mobilizarem pela preven\u00e7\u00e3o<\/strong><\/p>\n\n\n\n<p>A Associa\u00e7\u00e3o Petropolitana dos Pacientes Oncol\u00f3gicos (APPO) j\u00e1 abriu o agendamento das palestras e rodas de conversa que far\u00e3o parte da 17\u00aa edi\u00e7\u00e3o do Outubro Rosa, campanha anual que mobiliza a cidade em torno da conscientiza\u00e7\u00e3o sobre a preven\u00e7\u00e3o e o enfrentamento do c\u00e2ncer de mama. Neste ano, o tema escolhido \u2014 \u201cCuidados Paliativos: Cada momento conta, cada gesto importa\u201d \u2014 destaca a import\u00e2ncia da escuta, do acolhimento e da humaniza\u00e7\u00e3o no tratamento oncol\u00f3gico.<\/p>\n\n\n\n<p>As atividades s\u00e3o destinadas a empresas, postos de sa\u00fade, associa\u00e7\u00f5es de moradores, organiza\u00e7\u00f5es n\u00e3o governamentais e igrejas. Para garantir a participa\u00e7\u00e3o, a APPO orienta que os agendamentos sejam feitos com anteced\u00eancia, permitindo que a equipe t\u00e9cnica organize a agenda e evite imprevistos.<\/p>\n\n\n\n<p>A vice-presidente volunt\u00e1ria da APPO, Ana Cristina Mattos, ressalta que o Outubro Rosa vai al\u00e9m da preven\u00e7\u00e3o e se firma como um espa\u00e7o de di\u00e1logo e solidariedade. \u201cQuando levamos informa\u00e7\u00e3o, acolhimento e a possibilidade de um cuidado humanizado, estamos refor\u00e7ando que cada gesto importa. O Outubro Rosa \u00e9, sobretudo, um convite para que toda a sociedade se una em favor da vida e da dignidade dos pacientes\u201d, afirmou.<\/p>\n\n\n\n<p>Com uma trajet\u00f3ria consolidada ao longo de 17 anos, a campanha promovida pela APPO se tornou refer\u00eancia em Petr\u00f3polis, transformando o m\u00eas de outubro em um per\u00edodo de reflex\u00e3o, aprendizado e mobiliza\u00e7\u00e3o coletiva.<\/p>\n\n\n\n<p>Os agendamentos j\u00e1 est\u00e3o abertos e podem ser feitos pelos canais de atendimento da associa\u00e7\u00e3o: telefone (24) 2242-0956 ou WhatsApp (24) 99274-1377.<\/p>\n","protected":false},"excerpt":{"rendered":"<p>17\u00aa edi\u00e7\u00e3o do evento refor\u00e7a a import\u00e2ncia dos cuidados paliativos e convida empresas, entidades e<\/p>\n","protected":false},"author":1,"featured_media":6587,"comment_status":"closed","ping_status":"open","sticky":false,"template":"","format":"standard","meta":{"spay_email":"","footnotes":"","jetpack_publicize_message":""},"categories":[2],"tags":[],"jetpack_featured_media_url":"https:\/\/i0.wp.com\/jornaldeitaipava.com.br\/wp-content\/uploads\/2020\/12\/APPO.jpg?fit=895%2C485&ssl=1","jetpack_publicize_connections":[],"jetpack_sharing_enabled":true,"jetpack_likes_enabled":true,"jetpack-related-posts":[],"_links":{"self":[{"href":"https:\/\/jornaldeitaipava.com.br\/index.php\/wp-json\/wp\/v2\/posts\/47278"}],"collection":[{"href":"https:\/\/jornaldeitaipava.com.br\/index.php\/wp-json\/wp\/v2\/posts"}],"about":[{"href":"https:\/\/jornaldeitaipava.com.br\/index.php\/wp-json\/wp\/v2\/types\/post"}],"author":[{"embeddable":true,"href":"https:\/\/jornaldeitaipava.com.br\/index.php\/wp-json\/wp\/v2\/users\/1"}],"replies":[{"embeddable":true,"href":"https:\/\/jornaldeitaipava.com.br\/index.php\/wp-json\/wp\/v2\/comments?post=47278"}],"version-history":[{"count":1,"href":"https:\/\/jornaldeitaipava.com.br\/index.php\/wp-json\/wp\/v2\/posts\/47278\/revisions"}],"predecessor-version":[{"id":47279,"href":"https:\/\/jornaldeitaipava.com.br\/index.php\/wp-json\/wp\/v2\/posts\/47278\/revisions\/47279"}],"wp:featuredmedia":[{"embeddable":true,"href":"https:\/\/jornaldeitaipava.com.br\/index.php\/wp-json\/wp\/v2\/media\/6587"}],"wp:attachment":[{"href":"https:\/\/jornaldeitaipava.com.br\/index.php\/wp-json\/wp\/v2\/media?parent=47278"}],"wp:term":[{"taxonomy":"category","embeddable":true,"href":"https:\/\/jornaldeitaipava.com.br\/index.php\/wp-json\/wp\/v2\/categories?post=47278"},{"taxonomy":"post_tag","embeddable":true,"href":"https:\/\/jornaldeitaipava.com.br\/index.php\/wp-json\/wp\/v2\/tags?post=47278"}],"curies":[{"name":"wp","href":"https:\/\/api.w.org\/{rel}","templated":true}]}}