{"id":47280,"date":"2025-08-19T13:16:51","date_gmt":"2025-08-19T16:16:51","guid":{"rendered":"http:\/\/jornaldeitaipava.com.br\/?p=47280"},"modified":"2025-08-19T13:16:58","modified_gmt":"2025-08-19T16:16:58","slug":"ler-em-cena-traz-pecas-que-exploram-critica-social-e-existencialismo-nesta-quarta-20-e-quinta-21-no-teatro-imperial","status":"publish","type":"post","link":"https:\/\/jornaldeitaipava.com.br\/index.php\/2025\/08\/19\/ler-em-cena-traz-pecas-que-exploram-critica-social-e-existencialismo-nesta-quarta-20-e-quinta-21-no-teatro-imperial\/","title":{"rendered":"Ler em Cena traz pe\u00e7as que exploram cr\u00edtica social e existencialismo nesta quarta (20) e quinta (21) no Teatro Imperial"},"content":{"rendered":"\n<p>O projeto Ler em Cena \u2014 Leituras Dramatizadas de Teatro, iniciativa do Teatro Imperial dedicada \u00e0 valoriza\u00e7\u00e3o da dramaturgia, apresenta nesta semana duas obras que unem reflex\u00e3o, humor e cr\u00edtica social. As leituras acontecem nesta quarta (20) e quinta (21), \u00e0s 19h30, no palco do Teatro Imperial, com entrada gratuita.<\/p>\n\n\n\n<p>Na ter\u00e7a-feira (20), o p\u00fablico confere \u201cO \u00daltimo Godot\u201d, pe\u00e7a do dramaturgo Mat\u00e9i Visniec. A obra utiliza a metalinguagem para refletir sobre a pr\u00f3pria arte teatral e a condi\u00e7\u00e3o humana, partindo da estrutura de \u201cEsperando Godot&#8221;, de Samuel Beckett. No enredo, o encontro entre um personagem e seu autor conduz a plateia a questionamentos sobre o sentido da exist\u00eancia, a cria\u00e7\u00e3o art\u00edstica e a fun\u00e7\u00e3o do teatro, em uma atmosfera absurda e surreal. O espet\u00e1culo conta com Cl\u00e1udio Gomide e Paulo Zanon, dire\u00e7\u00e3o de Paulo Zanon, tradu\u00e7\u00e3o de Roberto Mallet e Cl\u00e1udio Gomide, produ\u00e7\u00e3o de Suzana Queiroz e realiza\u00e7\u00e3o da companhia Artistas Reunidos.<\/p>\n\n\n\n<p>J\u00e1 na quarta-feira (21), \u00e9 a vez de \u201cO Homem da Cabe\u00e7a de Papel\u00e3o\u201d, texto cl\u00e1ssico de Jo\u00e3o do Rio, publicado em 1912. A narrativa acompanha Antenor, um homem que desde a inf\u00e2ncia enfrenta dificuldades por s\u00f3 conseguir dizer a verdade. Com humor e realismo fant\u00e1stico, a pe\u00e7a prop\u00f5e uma reflex\u00e3o atemporal sobre opini\u00f5es, conven\u00e7\u00f5es sociais e cancelamentos, aproximando a cr\u00edtica do in\u00edcio do s\u00e9culo XX das tens\u00f5es contempor\u00e2neas. A leitura \u00e9 apresentada pela Cia Duas em Ato.<\/p>\n\n\n\n<p>Realizado pela Natureza Produ\u00e7\u00f5es, o Ler em Cena \u00e9 apresentado pela Enel Brasil e patrocinado pelo Governo do Estado do Rio de Janeiro e pela Secretaria Estadual de Cultura e Economia Criativa, por meio da Lei Estadual de Incentivo \u00e0 Cultura. O projeto fortalece o interc\u00e2mbio entre artistas locais e convida o p\u00fablico a vivenciar o teatro.<\/p>\n\n\n\n<p><strong>Servi\u00e7o<br><\/strong>Ler em Cena \u2014 Leituras Dramatizadas de Teatro<br>Teatro Imperial &#8211; Rua Marechal Deodoro, 192 &#8211; Centro, Petr\u00f3polis &#8211; RJ<br>Datas: Quarta-feira (20\/08) e Quinta-feira (21\/08)<br>Hor\u00e1rio: 19h30<br>Entrada gratuita<\/p>\n","protected":false},"excerpt":{"rendered":"<p>O projeto Ler em Cena \u2014 Leituras Dramatizadas de Teatro, iniciativa do Teatro Imperial dedicada<\/p>\n","protected":false},"author":1,"featured_media":45457,"comment_status":"closed","ping_status":"open","sticky":false,"template":"","format":"standard","meta":{"spay_email":"","footnotes":"","jetpack_publicize_message":""},"categories":[1],"tags":[],"jetpack_featured_media_url":"https:\/\/i2.wp.com\/jornaldeitaipava.com.br\/wp-content\/uploads\/2025\/04\/TEATRO-IMPERIAL.jpg?fit=900%2C675&ssl=1","jetpack_publicize_connections":[],"jetpack_sharing_enabled":true,"jetpack_likes_enabled":true,"jetpack-related-posts":[],"_links":{"self":[{"href":"https:\/\/jornaldeitaipava.com.br\/index.php\/wp-json\/wp\/v2\/posts\/47280"}],"collection":[{"href":"https:\/\/jornaldeitaipava.com.br\/index.php\/wp-json\/wp\/v2\/posts"}],"about":[{"href":"https:\/\/jornaldeitaipava.com.br\/index.php\/wp-json\/wp\/v2\/types\/post"}],"author":[{"embeddable":true,"href":"https:\/\/jornaldeitaipava.com.br\/index.php\/wp-json\/wp\/v2\/users\/1"}],"replies":[{"embeddable":true,"href":"https:\/\/jornaldeitaipava.com.br\/index.php\/wp-json\/wp\/v2\/comments?post=47280"}],"version-history":[{"count":1,"href":"https:\/\/jornaldeitaipava.com.br\/index.php\/wp-json\/wp\/v2\/posts\/47280\/revisions"}],"predecessor-version":[{"id":47281,"href":"https:\/\/jornaldeitaipava.com.br\/index.php\/wp-json\/wp\/v2\/posts\/47280\/revisions\/47281"}],"wp:featuredmedia":[{"embeddable":true,"href":"https:\/\/jornaldeitaipava.com.br\/index.php\/wp-json\/wp\/v2\/media\/45457"}],"wp:attachment":[{"href":"https:\/\/jornaldeitaipava.com.br\/index.php\/wp-json\/wp\/v2\/media?parent=47280"}],"wp:term":[{"taxonomy":"category","embeddable":true,"href":"https:\/\/jornaldeitaipava.com.br\/index.php\/wp-json\/wp\/v2\/categories?post=47280"},{"taxonomy":"post_tag","embeddable":true,"href":"https:\/\/jornaldeitaipava.com.br\/index.php\/wp-json\/wp\/v2\/tags?post=47280"}],"curies":[{"name":"wp","href":"https:\/\/api.w.org\/{rel}","templated":true}]}}