{"id":47282,"date":"2025-08-19T13:21:25","date_gmt":"2025-08-19T16:21:25","guid":{"rendered":"http:\/\/jornaldeitaipava.com.br\/?p=47282"},"modified":"2025-08-19T13:21:29","modified_gmt":"2025-08-19T16:21:29","slug":"petropolis-vai-ter-veranico-com-temperaturas-podendo-chegar-a-30","status":"publish","type":"post","link":"https:\/\/jornaldeitaipava.com.br\/index.php\/2025\/08\/19\/petropolis-vai-ter-veranico-com-temperaturas-podendo-chegar-a-30\/","title":{"rendered":"Petr\u00f3polis vai ter \u201cveranico\u201d com temperaturas podendo chegar a 30\u00b0"},"content":{"rendered":"\n<p class=\"has-text-align-center\"><strong>Umidade relativa do ar fica pode chegar a 35%<\/strong><\/p>\n\n\n\n<p>A partir de quarta-feira (20\/08), o tempo em Petr\u00f3polis estar\u00e1 sob influ\u00eancia de um bloqueio atmosf\u00e9rico, trazendo dias mais quentes, com temperaturas podendo alcan\u00e7ar os 30\u00b0C. O tempo tamb\u00e9m fica mais seco, com a umidade ficando em torno de 35%.<\/p>\n\n\n\n<p>O \u201cveranico\u201d dura at\u00e9 domingo (24\/08), com a chegada de uma nova frente fria h\u00e1 previs\u00e3o de pancadas de chuva e queda nas temperaturas. \u201cA partir de domingo, o tempo volta a esfriar e ocorr\u00eancia de chuva, com a chegada do ar polar. Mas entre quinta e domingo \u00e9 preciso estar atento aos comunicados da Defesa Civil\u201d, disse a meteorologista da Defesa Civil, Rafaela Filipe.<\/p>\n\n\n\n<p>\u201cNestes dias de temperaturas mais altas e umidade do ar mais baixa, \u00e9 preciso que a popula\u00e7\u00e3o fique atenta \u00e0 ocorr\u00eancia de fogo em vegeta\u00e7\u00e3o e siga as instru\u00e7\u00f5es da Defesa Civil\u201d, orientou o secret\u00e1rio de Prote\u00e7\u00e3o e Defesa Civil, Guilherme Moraes. \u201cEstamos desde o in\u00edcio do inverno fazendo capacita\u00e7\u00f5es e orientando a popula\u00e7\u00e3o sobre os riscos de inc\u00eandios florestais. \u00c9 preciso que a sociedade civil e poder p\u00fablico estejam juntos\u201d.<\/p>\n\n\n\n<p>Em caso de emerg\u00eancia ligue: 193 Corpo de Bombeiros, 199 Defesa Civil ou 190 Pol\u00edcia Militar.<\/p>\n\n\n\n<p>Confira as dicas da Defesa Civil:<\/p>\n\n\n\n<ul>\n<li>N\u00e3o fa\u00e7a queimadas<\/li>\n\n\n\n<li>N\u00e3o queime lixo, terrenos ou pastagens<\/li>\n\n\n\n<li>N\u00e3o jogue bitucas de cigarro na mata, ruas ou em beira de estradas<\/li>\n\n\n\n<li>N\u00e3o solte bal\u00f5es<\/li>\n<\/ul>\n\n\n\n<p>Cuidados com a sa\u00fade:<\/p>\n\n\n\n<ul>\n<li>Mantenha-se hidratado\/beba bastante \u00e1gua<\/li>\n\n\n\n<li>Evite se expor ao sol entre \u00e0s 10h e 16h<\/li>\n\n\n\n<li>Evite a pr\u00e1tica de exerc\u00edcios ao ar livre nos per\u00edodos de maior calor<\/li>\n\n\n\n<li>Use roupas mais leves<\/li>\n\n\n\n<li>Use protetor solar<\/li>\n<\/ul>\n","protected":false},"excerpt":{"rendered":"<p>Umidade relativa do ar fica pode chegar a 35% A partir de quarta-feira (20\/08), o<\/p>\n","protected":false},"author":1,"featured_media":37608,"comment_status":"closed","ping_status":"open","sticky":false,"template":"","format":"standard","meta":{"spay_email":"","footnotes":"","jetpack_publicize_message":""},"categories":[24],"tags":[],"jetpack_featured_media_url":"https:\/\/i1.wp.com\/jornaldeitaipava.com.br\/wp-content\/uploads\/2023\/12\/calor.png?fit=768%2C467&ssl=1","jetpack_publicize_connections":[],"jetpack_sharing_enabled":true,"jetpack_likes_enabled":true,"jetpack-related-posts":[],"_links":{"self":[{"href":"https:\/\/jornaldeitaipava.com.br\/index.php\/wp-json\/wp\/v2\/posts\/47282"}],"collection":[{"href":"https:\/\/jornaldeitaipava.com.br\/index.php\/wp-json\/wp\/v2\/posts"}],"about":[{"href":"https:\/\/jornaldeitaipava.com.br\/index.php\/wp-json\/wp\/v2\/types\/post"}],"author":[{"embeddable":true,"href":"https:\/\/jornaldeitaipava.com.br\/index.php\/wp-json\/wp\/v2\/users\/1"}],"replies":[{"embeddable":true,"href":"https:\/\/jornaldeitaipava.com.br\/index.php\/wp-json\/wp\/v2\/comments?post=47282"}],"version-history":[{"count":1,"href":"https:\/\/jornaldeitaipava.com.br\/index.php\/wp-json\/wp\/v2\/posts\/47282\/revisions"}],"predecessor-version":[{"id":47283,"href":"https:\/\/jornaldeitaipava.com.br\/index.php\/wp-json\/wp\/v2\/posts\/47282\/revisions\/47283"}],"wp:featuredmedia":[{"embeddable":true,"href":"https:\/\/jornaldeitaipava.com.br\/index.php\/wp-json\/wp\/v2\/media\/37608"}],"wp:attachment":[{"href":"https:\/\/jornaldeitaipava.com.br\/index.php\/wp-json\/wp\/v2\/media?parent=47282"}],"wp:term":[{"taxonomy":"category","embeddable":true,"href":"https:\/\/jornaldeitaipava.com.br\/index.php\/wp-json\/wp\/v2\/categories?post=47282"},{"taxonomy":"post_tag","embeddable":true,"href":"https:\/\/jornaldeitaipava.com.br\/index.php\/wp-json\/wp\/v2\/tags?post=47282"}],"curies":[{"name":"wp","href":"https:\/\/api.w.org\/{rel}","templated":true}]}}