{"id":47284,"date":"2025-08-19T13:29:51","date_gmt":"2025-08-19T16:29:51","guid":{"rendered":"http:\/\/jornaldeitaipava.com.br\/?p=47284"},"modified":"2025-08-19T13:29:55","modified_gmt":"2025-08-19T16:29:55","slug":"o-melhor-da-cervejaria-artesanal-em-itaipava-estacao-deguste-harmoniza","status":"publish","type":"post","link":"https:\/\/jornaldeitaipava.com.br\/index.php\/2025\/08\/19\/o-melhor-da-cervejaria-artesanal-em-itaipava-estacao-deguste-harmoniza\/","title":{"rendered":"O melhor da cervejaria artesanal em Itaipava: Esta\u00e7\u00e3o Deguste Harmoniza"},"content":{"rendered":"\n<p>Antes de agosto terminar, os adoradores das cervejas artesanais t\u00eam mais um encontro especial marcado, no Esta\u00e7\u00e3o Deguste Harmoniza, que vai ocorrer nos dias 29 (sexta-feira) e 30 (s\u00e1bado) de agosto na Esta\u00e7\u00e3o Locanda, em Itaipava. Uma edi\u00e7\u00e3o diferente com a qualidade de sempre! Cerveja artesanal, gastronomia e shows ao vivo. Participar\u00e3o da edi\u00e7\u00e3o as cervejarias: Odin, Colonus, Sampler, Dr. Duranz e Brewpoint. A Esta\u00e7\u00e3o Locanda fica na Estrada Uni\u00e3o e Ind\u00fastria, 11000, Itaipava.<br>\u201cA Esta\u00e7\u00e3o Deguste Harmoniza foi criada para valorizar ainda mais a gastronomia e as combina\u00e7\u00f5es dos sabores com as cervejas especiais criadas em Petr\u00f3polis, elevando a experi\u00eancia do p\u00fablico da Deguste. Ser\u00e1 um encontro especial em um ambiente super aconchegante e regado com muitas cervejas artesanais. Agradecemos a parceria com a Esta\u00e7\u00e3o Locanda\u201d, afirma o idealizador da Deguste, Rodrigo Duarte.<br>\u201cLevaremos para Itaipava um pouco da nossa tradicional feira artesanal. Oportunidade \u00fanica de encontrar amigos, conhecer as novidades das cervejarias e curtir o melhor da gastronomia\u201d, completa a produtora da Deguste, Gabrielle Rosendo.<br>Na programa\u00e7\u00e3o, apresenta\u00e7\u00e3o de bancas locais e 4 stands com novidades da culin\u00e1ria.<\/p>\n\n\n\n<p><strong>9 anos de hist\u00f3ria<br><\/strong>Vale salientar que a Deguste, h\u00e1 9 anos, transforma mensalmente a Pra\u00e7a Visconde de Mau\u00e1, no Centro de Petr\u00f3polis, em um polo de celebra\u00e7\u00e3o da cultura cervejeira, consolidando-se como o principal catalisador do desenvolvimento do setor cervejeiro da regi\u00e3o. A Deguste refor\u00e7a os t\u00edtulos conquistados por Petr\u00f3polis: Capital Estadual da Cerveja e Ber\u00e7o Imperial da Cerveja. Al\u00e9m disso, a feira recebeu, em 2024, o t\u00edtulo de Patrim\u00f4nio Cultural Imaterial da cidade.<br>Outro diferencial: em cada edi\u00e7\u00e3o, s\u00e3o pelo menos tr\u00eas shows gratuitos para o p\u00fablico. Agora, com a Esta\u00e7\u00e3o Deguste Harmoniza, a feira lan\u00e7a uma nova edi\u00e7\u00e3o, dedicada ao p\u00fablico de Itaipava.<br>Todas as novidades da Deguste podem ser conferidas no Instagram oficial: @feiradeguste<\/p>\n\n\n\n<p><strong>Servi\u00e7o:<br><\/strong>Esta\u00e7\u00e3o Deguste Harmoniza<br>Dias:<br>29 de agosto &#8211; 18h \u00e0s 23h<br>30 de agosto &#8211; 11h \u00e0s 23h<br>Esta\u00e7\u00e3o Locanda<br>Estrada Uni\u00e3o e Ind\u00fastria, 11000, Itaipava<\/p>\n","protected":false},"excerpt":{"rendered":"<p>Antes de agosto terminar, os adoradores das cervejas artesanais t\u00eam mais um encontro especial marcado,<\/p>\n","protected":false},"author":1,"featured_media":42051,"comment_status":"closed","ping_status":"open","sticky":false,"template":"","format":"standard","meta":{"spay_email":"","footnotes":"","jetpack_publicize_message":""},"categories":[42],"tags":[],"jetpack_featured_media_url":"https:\/\/i2.wp.com\/jornaldeitaipava.com.br\/wp-content\/uploads\/2024\/10\/Reproducao_Instagram_Deguste_0.jpeg?fit=1043%2C750&ssl=1","jetpack_publicize_connections":[],"jetpack_sharing_enabled":true,"jetpack_likes_enabled":true,"jetpack-related-posts":[],"_links":{"self":[{"href":"https:\/\/jornaldeitaipava.com.br\/index.php\/wp-json\/wp\/v2\/posts\/47284"}],"collection":[{"href":"https:\/\/jornaldeitaipava.com.br\/index.php\/wp-json\/wp\/v2\/posts"}],"about":[{"href":"https:\/\/jornaldeitaipava.com.br\/index.php\/wp-json\/wp\/v2\/types\/post"}],"author":[{"embeddable":true,"href":"https:\/\/jornaldeitaipava.com.br\/index.php\/wp-json\/wp\/v2\/users\/1"}],"replies":[{"embeddable":true,"href":"https:\/\/jornaldeitaipava.com.br\/index.php\/wp-json\/wp\/v2\/comments?post=47284"}],"version-history":[{"count":1,"href":"https:\/\/jornaldeitaipava.com.br\/index.php\/wp-json\/wp\/v2\/posts\/47284\/revisions"}],"predecessor-version":[{"id":47285,"href":"https:\/\/jornaldeitaipava.com.br\/index.php\/wp-json\/wp\/v2\/posts\/47284\/revisions\/47285"}],"wp:featuredmedia":[{"embeddable":true,"href":"https:\/\/jornaldeitaipava.com.br\/index.php\/wp-json\/wp\/v2\/media\/42051"}],"wp:attachment":[{"href":"https:\/\/jornaldeitaipava.com.br\/index.php\/wp-json\/wp\/v2\/media?parent=47284"}],"wp:term":[{"taxonomy":"category","embeddable":true,"href":"https:\/\/jornaldeitaipava.com.br\/index.php\/wp-json\/wp\/v2\/categories?post=47284"},{"taxonomy":"post_tag","embeddable":true,"href":"https:\/\/jornaldeitaipava.com.br\/index.php\/wp-json\/wp\/v2\/tags?post=47284"}],"curies":[{"name":"wp","href":"https:\/\/api.w.org\/{rel}","templated":true}]}}