{"id":47286,"date":"2025-08-19T13:33:44","date_gmt":"2025-08-19T16:33:44","guid":{"rendered":"http:\/\/jornaldeitaipava.com.br\/?p=47286"},"modified":"2025-08-19T13:33:48","modified_gmt":"2025-08-19T16:33:48","slug":"1a-edicao-da-trilha-com-elas-na-pedra-da-tartaruga-acontece-no-proximo-dia-31-de-agosto","status":"publish","type":"post","link":"https:\/\/jornaldeitaipava.com.br\/index.php\/2025\/08\/19\/1a-edicao-da-trilha-com-elas-na-pedra-da-tartaruga-acontece-no-proximo-dia-31-de-agosto\/","title":{"rendered":"1\u00aa edi\u00e7\u00e3o da Trilha com Elas na Pedra da Tartaruga acontece no pr\u00f3ximo dia 31 de agosto"},"content":{"rendered":"\n<p>No pr\u00f3ximo dia 31 de agosto, acontece a 1\u00aa edi\u00e7\u00e3o da Trilha com Elas, evento gratuito e aberto ao p\u00fablico que re\u00fane natureza, esporte e bem-estar. A concentra\u00e7\u00e3o e sa\u00edda dos participantes ser\u00e1 \u00e0s 4h30 da manh\u00e3, na Casa de Portugal, com destino \u00e0 Pedra da Tartaruga (Servid\u00e3o Pedro Mendes da Silva Filho, n\u00ba 58, Granja Florestal).<\/p>\n\n\n\n<p>Com o tema \u201cMulheres em movimento pelo esporte, pela vida e pelo meio ambiente\u201d, a iniciativa busca valorizar a participa\u00e7\u00e3o feminina em atividades esportivas e promover a conscientiza\u00e7\u00e3o ambiental por meio do contato direto com a natureza. A programa\u00e7\u00e3o \u00e9 para toda a fam\u00edlia.<\/p>\n\n\n\n<p>A trilha \u00e9 promovida pela Prefeitura de Teres\u00f3polis, por meio da Secretaria Municipal de Esporte e Lazer, com o apoio de patrocinadores.<\/p>\n\n\n\n<p>Al\u00e9m do percurso ecol\u00f3gico, os participantes poder\u00e3o desfrutar de um aul\u00e3o de yoga ao ar livre, apreciar um lindo p\u00f4r do sol e participar do sorteio de brindes ao final do evento. O lanche ser\u00e1 comunit\u00e1rio. Todos que puderem, tragam algo para compartilhar.<\/p>\n\n\n\n<p>\u201cA expectativa \u00e9 reunir um p\u00fablico diversificado, composto por mulheres, fam\u00edlias, esportistas e amantes da natureza, promovendo sa\u00fade, qualidade de vida e integra\u00e7\u00e3o com o meio ambiente.\u201d, destacou &nbsp;a Secret\u00e1ria de Esporte e Lazer, Erika Marra.<\/p>\n\n\n\n<p>Se voc\u00ea curte uma trilha e natureza, n\u00e3o perca a chance de participar! Traga sua fam\u00edlia e venha colecionar momentos incr\u00edveis!<\/p>\n","protected":false},"excerpt":{"rendered":"<p>No pr\u00f3ximo dia 31 de agosto, acontece a 1\u00aa edi\u00e7\u00e3o da Trilha com Elas, evento<\/p>\n","protected":false},"author":1,"featured_media":47287,"comment_status":"closed","ping_status":"open","sticky":false,"template":"","format":"standard","meta":{"spay_email":"","footnotes":"","jetpack_publicize_message":""},"categories":[5],"tags":[],"jetpack_featured_media_url":"https:\/\/i0.wp.com\/jornaldeitaipava.com.br\/wp-content\/uploads\/2025\/08\/4-1-e1755621200299.jpg?fit=715%2C432&ssl=1","jetpack_publicize_connections":[],"jetpack_sharing_enabled":true,"jetpack_likes_enabled":true,"jetpack-related-posts":[],"_links":{"self":[{"href":"https:\/\/jornaldeitaipava.com.br\/index.php\/wp-json\/wp\/v2\/posts\/47286"}],"collection":[{"href":"https:\/\/jornaldeitaipava.com.br\/index.php\/wp-json\/wp\/v2\/posts"}],"about":[{"href":"https:\/\/jornaldeitaipava.com.br\/index.php\/wp-json\/wp\/v2\/types\/post"}],"author":[{"embeddable":true,"href":"https:\/\/jornaldeitaipava.com.br\/index.php\/wp-json\/wp\/v2\/users\/1"}],"replies":[{"embeddable":true,"href":"https:\/\/jornaldeitaipava.com.br\/index.php\/wp-json\/wp\/v2\/comments?post=47286"}],"version-history":[{"count":1,"href":"https:\/\/jornaldeitaipava.com.br\/index.php\/wp-json\/wp\/v2\/posts\/47286\/revisions"}],"predecessor-version":[{"id":47288,"href":"https:\/\/jornaldeitaipava.com.br\/index.php\/wp-json\/wp\/v2\/posts\/47286\/revisions\/47288"}],"wp:featuredmedia":[{"embeddable":true,"href":"https:\/\/jornaldeitaipava.com.br\/index.php\/wp-json\/wp\/v2\/media\/47287"}],"wp:attachment":[{"href":"https:\/\/jornaldeitaipava.com.br\/index.php\/wp-json\/wp\/v2\/media?parent=47286"}],"wp:term":[{"taxonomy":"category","embeddable":true,"href":"https:\/\/jornaldeitaipava.com.br\/index.php\/wp-json\/wp\/v2\/categories?post=47286"},{"taxonomy":"post_tag","embeddable":true,"href":"https:\/\/jornaldeitaipava.com.br\/index.php\/wp-json\/wp\/v2\/tags?post=47286"}],"curies":[{"name":"wp","href":"https:\/\/api.w.org\/{rel}","templated":true}]}}