{"id":47296,"date":"2025-08-20T11:07:11","date_gmt":"2025-08-20T14:07:11","guid":{"rendered":"http:\/\/jornaldeitaipava.com.br\/?p=47296"},"modified":"2025-08-20T11:07:18","modified_gmt":"2025-08-20T14:07:18","slug":"inadimplencia-no-brasil-atinge-71-milhoes-de-pessoas-mas-dividas-com-comercio-registram-queda","status":"publish","type":"post","link":"https:\/\/jornaldeitaipava.com.br\/index.php\/2025\/08\/20\/inadimplencia-no-brasil-atinge-71-milhoes-de-pessoas-mas-dividas-com-comercio-registram-queda\/","title":{"rendered":"Inadimpl\u00eancia no Brasil atinge 71 milh\u00f5es de pessoas, mas d\u00edvidas com com\u00e9rcio registram queda"},"content":{"rendered":"\n<p>O cen\u00e1rio da inadimpl\u00eancia no Brasil segue em trajet\u00f3ria de alta, com 71,37 milh\u00f5es de pessoas negativadas em julho, o que corresponde a 42,91% da popula\u00e7\u00e3o adulta. Os dados s\u00e3o do Indicador de Inadimpl\u00eancia da Confedera\u00e7\u00e3o Nacional de Dirigentes Lojistas (CNDL) e do Servi\u00e7o de Prote\u00e7\u00e3o ao Cr\u00e9dito (SPC Brasil) que acaba de ser divulgado. Apesar do crescimento nacional de 7,98% no n\u00famero de devedores em rela\u00e7\u00e3o ao mesmo m\u00eas de 2024, o setor de com\u00e9rcio apresentou queda no total de d\u00edvidas em atraso, refor\u00e7ando a percep\u00e7\u00e3o de que os consumidores priorizam quitar compras diretas do dia a dia, em detrimento de compromissos com bancos e servi\u00e7os b\u00e1sicos.<\/p>\n\n\n\n<p>Enquanto os bancos registraram alta de 17,01% no volume de d\u00edvidas atrasadas, e contas de \u00e1gua e luz subiram 9,97%, o com\u00e9rcio apresentou redu\u00e7\u00e3o de 0,24%. Esse movimento, embora discreto, revela um dado importante, segundo o presidente da C\u00e2mara de Dirigentes Lojistas de Petr\u00f3polis (CDL Petr\u00f3polis), Cl\u00e1udio Mohammad:<\/p>\n\n\n\n<p>\u201cO com\u00e9rcio \u00e9 um setor vital, que muitas vezes lida com compras de valores menores e parcelamentos curtos. Ver a queda no \u00edndice de d\u00edvidas em atraso nesse segmento mostra que, mesmo em um contexto de crise, o consumidor ainda busca preservar seu relacionamento com a loja da sua cidade, seja para manter o acesso ao consumo imediato, seja pelo v\u00ednculo de confian\u00e7a com o lojista.\u201d<\/p>\n\n\n\n<p>Outro ponto que chama a aten\u00e7\u00e3o \u00e9 a antiguidade das d\u00edvidas. Em julho, o tempo m\u00e9dio de atraso chegou a 28,3 meses, e quase metade do crescimento anual (44,32%) est\u00e1 concentrada em d\u00e9bitos com mais de tr\u00eas anos de inadimpl\u00eancia. \u201cEsse dado mostra um entrave grave: h\u00e1 um grupo de consumidores que simplesmente n\u00e3o consegue sair da situa\u00e7\u00e3o de endividamento. Muitas vezes n\u00e3o s\u00e3o grandes d\u00edvidas, mas pequenas contas, como \u00e1gua, luz, celular ou compras parceladas em valores baixos, que se acumulam ao longo do tempo e viram uma bola de neve. O resultado \u00e9 que essas pessoas ficam paralisadas financeiramente e fora do mercado de cr\u00e9dito\u201d, avalia Mohammad.<\/p>\n\n\n\n<p>O levantamento mostra ainda que cada consumidor inadimplente deve, em m\u00e9dia, R$ 4.777,28 e possui d\u00edvidas com mais de duas empresas credoras. Entre as faixas et\u00e1rias, o grupo de 30 a 39 anos concentra a maior parcela de negativados, totalizando 23,67% dos registros \u2014 mais de 17,6 milh\u00f5es de pessoas.<\/p>\n\n\n\n<p>Para Mohammad, os dados refor\u00e7am a import\u00e2ncia de medidas de educa\u00e7\u00e3o financeira e renegocia\u00e7\u00e3o de d\u00edvidas. \u201c\u00c9 preciso estimular pol\u00edticas p\u00fablicas e iniciativas privadas que incentivem a reorganiza\u00e7\u00e3o financeira das fam\u00edlias. Do lado do com\u00e9rcio, trabalhamos constantemente para oferecer alternativas de negocia\u00e7\u00e3o, porque sabemos que recuperar o consumidor \u00e9 bom para ele e tamb\u00e9m para a economia local.\u201d<\/p>\n","protected":false},"excerpt":{"rendered":"<p>O cen\u00e1rio da inadimpl\u00eancia no Brasil segue em trajet\u00f3ria de alta, com 71,37 milh\u00f5es de<\/p>\n","protected":false},"author":1,"featured_media":47297,"comment_status":"closed","ping_status":"open","sticky":false,"template":"","format":"standard","meta":{"spay_email":"","footnotes":"","jetpack_publicize_message":""},"categories":[24],"tags":[],"jetpack_featured_media_url":"https:\/\/i2.wp.com\/jornaldeitaipava.com.br\/wp-content\/uploads\/2025\/08\/Cartao-de-credito.jpeg?fit=1170%2C700&ssl=1","jetpack_publicize_connections":[],"jetpack_sharing_enabled":true,"jetpack_likes_enabled":true,"jetpack-related-posts":[],"_links":{"self":[{"href":"https:\/\/jornaldeitaipava.com.br\/index.php\/wp-json\/wp\/v2\/posts\/47296"}],"collection":[{"href":"https:\/\/jornaldeitaipava.com.br\/index.php\/wp-json\/wp\/v2\/posts"}],"about":[{"href":"https:\/\/jornaldeitaipava.com.br\/index.php\/wp-json\/wp\/v2\/types\/post"}],"author":[{"embeddable":true,"href":"https:\/\/jornaldeitaipava.com.br\/index.php\/wp-json\/wp\/v2\/users\/1"}],"replies":[{"embeddable":true,"href":"https:\/\/jornaldeitaipava.com.br\/index.php\/wp-json\/wp\/v2\/comments?post=47296"}],"version-history":[{"count":1,"href":"https:\/\/jornaldeitaipava.com.br\/index.php\/wp-json\/wp\/v2\/posts\/47296\/revisions"}],"predecessor-version":[{"id":47298,"href":"https:\/\/jornaldeitaipava.com.br\/index.php\/wp-json\/wp\/v2\/posts\/47296\/revisions\/47298"}],"wp:featuredmedia":[{"embeddable":true,"href":"https:\/\/jornaldeitaipava.com.br\/index.php\/wp-json\/wp\/v2\/media\/47297"}],"wp:attachment":[{"href":"https:\/\/jornaldeitaipava.com.br\/index.php\/wp-json\/wp\/v2\/media?parent=47296"}],"wp:term":[{"taxonomy":"category","embeddable":true,"href":"https:\/\/jornaldeitaipava.com.br\/index.php\/wp-json\/wp\/v2\/categories?post=47296"},{"taxonomy":"post_tag","embeddable":true,"href":"https:\/\/jornaldeitaipava.com.br\/index.php\/wp-json\/wp\/v2\/tags?post=47296"}],"curies":[{"name":"wp","href":"https:\/\/api.w.org\/{rel}","templated":true}]}}